{"id":7023,"date":"2015-08-06T01:20:00","date_gmt":"2015-08-06T01:20:00","guid":{"rendered":"https:\/\/expedia.blog.fr.sandwave.dev\/stories\/?p=7023"},"modified":"2021-09-01T22:20:35","modified_gmt":"2021-09-01T22:20:35","slug":"escapade-a-paris-en-automne","status":"publish","type":"post","link":"https:\/\/www.expedia.fr\/stories\/escapade-a-paris-en-automne\/","title":{"rendered":"Escapade \u00e0 Paris en automne"},"content":{"rendered":"<p>&#8220;<em>Les jours raccourcissent, un petit vent frais se l\u00e8ve&#8230; et Paris bouillonne d&#8217;\u00e9v\u00e8nements culturels !<\/em><\/p>\n<p>Dans la lumi\u00e8re rousse du soleil d&#8217;automne, partez \u00e0 la d\u00e9couverte des <strong>monuments cach\u00e9s<\/strong> de la capitale, plongez dans l&#8217;univers tendance et hupp\u00e9 de la <strong>Fashion Week<\/strong>, et \u00e9tourdissez-vous dans les all\u00e9es des salles d&#8217;expositions&#8230;<\/p>\n<p>La Ville Lumi\u00e8re d\u00e9voile ses secrets <br \/>&#8212;&#8212;&#8212;&#8212;&#8212;&#8212;&#8212;&#8212;&#8212;&#8212;&#8212;&#8212;-<\/p>\n<p>### Paris insolite se d\u00e9couvre \u00e0 l&#8217;automne&#8230;<\/p>\n<p>Les <strong>journ\u00e9es du Patrimoine<\/strong>, \u00e0 la mi-septembre, sont l&#8217;occasion id\u00e9ale pour explorer <strong>Paris sous un nouvel angle<\/strong>. Certains monuments habituellement ferm\u00e9s au public ouvrent grand leurs portes le temps d&#8217;un week-end. Enfilez un pull, glissez un parapluie dans votre sac, et mettez-vous en route !<\/p>\n<p>Dans le XI\u00e8me arrondissement, rendez-vous \u00e0 <strong>l&#8217;\u00e9glise Saint-Ambroise<\/strong> pour une visite fort instructive. Architecture, \u0153uvres d&#8217;art et histoire du quartier sont pass\u00e9es au crible.<\/p>\n<p>Dirigez-vous ensuite vers <strong>l&#8217;H\u00f4tel de Bourvallais<\/strong>, qui abrite le <strong>minist\u00e8re de la Justice<\/strong>. Apr\u00e8s cette visite, ne freinez pas vos \u00e9lans d&#8217;explorateur urbain et rejoignez la <strong>Maison d&#8217;Ourscamp<\/strong>, dans le IV\u00e8me arrondissement. Cette belle b\u00e2tisse moyen\u00e2geuse vous attend pour une inspection en r\u00e8gle, de la cave au grenier !<\/p>\n<p>Vous avez rat\u00e9 le <strong>salon de l&#8217;Agriculture<\/strong> au printemps dernier ? Profitez d&#8217;une s\u00e9ance de rattrapage au <strong>minist\u00e8re de l&#8217;Agriculture<\/strong>, dans le VII\u00e8me arrondissement. Durant les <strong>journ\u00e9es du Patrimoine<\/strong>, de nombreuses animations autour du monde agricole sont organis\u00e9es : d\u00e9gustation de produits r\u00e9gionaux, d\u00e9couverte du potager dans les <strong>jardins de l&#8217;H\u00f4tel de Villeroy<\/strong>, d\u00e9monstration d&#8217;apiculture&#8230; R\u00e9galez vos yeux et vos papilles !<\/p>\n<figure class='defer-image' data-markdown='1'>\n<p><img decoding=\"async\" src=\"https:\/\/a.travel-assets.com\/findyours-php\/viewfinder\/images\/res40\/106000\/106133.jpg\" alt=\"eglise-Saint-Ambroise - needs credit.jpg\" \/><figcaption><a href=\"https:\/\/commons.wikimedia.org\/wiki\/File:Eglise_St-Ambroise_Bd_Voltaire.JPG\">[Eglise Saint-Ambroise](https:\/\/commons.wikimedia.org\/wiki\/File:Eglise_St-Ambroise_Bd_Voltaire.JPG) par FLLL sous lincence [ CC BY-SA 3.0](http:\/\/creativecommons.org\/licenses\/by-sa\/3.0\/)<\/a> par FLLL sous lincence <a href=\"http:\/\/creativecommons.org\/licenses\/by-sa\/3.0\/\"> CC BY-SA 3.0<\/a>)<\/figcaption><\/figure>\n<p>### Paris, c\u00f4t\u00e9 jardin, fa\u00e7on \u00e9t\u00e9 indien<\/p>\n<p>La <strong>F\u00eate des Jardins<\/strong> se d\u00e9roule en septembre, \u00e0 peine 2 semaines apr\u00e8s les <strong>journ\u00e9es du Patrimoine<\/strong>. Des animations et des visites guid\u00e9es sont organis\u00e9es dans les <strong>jardins publics<\/strong> et <strong>les parcs de Paris<\/strong>. Certains petits coins de nature pr\u00e9serv\u00e9s sont m\u00eame exceptionnellement accessibles.<\/p>\n<p>Baladez-vous autour de la pi\u00e8ce d&#8217;eau du <strong>jardin des P\u00e8res Maristes<\/strong>, rue de Vaugirard, v\u00e9ritable \u00e9crin de nature. Dans le <strong>jardin secret du Clos des Blancs Manteaux<\/strong>, saurez-vous reconna\u00eetre les 250 esp\u00e8ces pr\u00e9sentes ? Prenez ensuite la direction du <strong>Jardin nomade<\/strong>, rue Trousseau, pour d\u00e9couvrir un <strong>espace communautaire<\/strong> plein de charme. Les habitants du quartier vous pr\u00e9sentent leur <strong>potager<\/strong> et vous proposent des d\u00e9gustations de leur production mara\u00eech\u00e8re. Plus frais ? Impossible !<\/p>\n<p>Paris, capitale culturelle \u00e0 l&#8217;arriv\u00e9e de l&#8217;automne<br \/>&#8212;&#8212;&#8212;&#8212;&#8212;&#8212;&#8212;&#8212;&#8212;&#8212;&#8212;&#8212;&#8212;&#8212;&#8212;&#8212;&#8212;<\/p>\n<p>### Des manifestations aux couleurs de l&#8217;automne<\/p>\n<p>Depuis 1972, le <strong>festival d&#8217;Automne**<\/strong>de Paris<strong> propose de <\/strong>nombreux concerts, repr\u00e9sentations et expositions<strong> au <\/strong>Centre Pompidou<strong>, dans les th\u00e9\u00e2tres et les mus\u00e9es de la ville, ou encore \u00e0 <\/strong>l&#8217;Op\u00e9ra de Paris<strong>.<\/p>\n<p><\/strong>Musique, danse, litt\u00e9rature, arts plastiques<strong>&#8230; Plus d&#8217;une cinquantaine de manifestations <\/strong>d&#8217;arts contemporains<strong> sont organis\u00e9es chaque ann\u00e9e. Une programmation ax\u00e9e sur deux mots : curiosit\u00e9 et ouverture d&#8217;esprit !<\/p>\n<p>Port\u00e9 par une brise d&#8217;arri\u00e8re-saison, vous naviguez de concerts en repr\u00e9sentations.<\/p>\n<p>Votre soif de culture n&#8217;est toujours pas \u00e9panch\u00e9e ? Prolongez votre <\/strong>exp\u00e9rience automnale de Paris<strong> lors du grand parcours artistique nocturne de la <\/strong>Nuit Blanche<strong>. Du bassin de la <\/strong>Villette<strong>, aux berges de <\/strong>Seine<strong> en passant par <\/strong>Belleville<strong> et <\/strong>M\u00e9nilmontant<strong>, votre randonn\u00e9e est ponctu\u00e9e d&#8217;\u0153uvres d&#8217;art <\/strong>de cr\u00e9ateurs contemporains<strong>. <\/strong>Des installations \u00e9ph\u00e9m\u00e8res<strong> de rues et <\/strong>des performances entre les murs des mus\u00e9es<strong> rythment vos pas. Une nuit inoubliable !<\/p>\n<figure class='defer-image' data-markdown='1'>\n<p><img decoding=\"async\" src=\"https:\/\/a.travel-assets.com\/findyours-php\/viewfinder\/images\/res40\/106000\/106134.jpg\" alt=\"paris-opera.jpg\" \/><figcaption><a href=\"https:\/\/www.flickr.com\/photos\/20316292@N05\/10426182506\/in\/photolist-gTjUPm-3z9sKy-8CrHsK-oCBdBK-e7R7yC-dRxcan-dRxpjV-bHX7eZ-nfJnUv-K4vFT-9pSJWN-5jEBti-5BQyik-fejRpp-K4w2D-8BzN52-aVHYAn-5BQyyX-97jVPZ-aLL34Z-nmmSZV-8AUa44-55N7z5-e7KoAZ-4pdeSw-K4o5W-5BUSEf-8pddqk-8zRC8a-dHHnS3-eDBMCo-9Ptweh-pnC6eJ-6Fr9VG-rkCx82-HokhK-62zLox-uqh5N-9PtvTU-nzGfs3-vnnM1A-55N7Eu-vnvt6v-af2Z6K-w2UKvX-vnvR6H-55HVke-6uxSNC-4oHZPN-axDahc\">Op\u00e9ra de Paris<\/a>  pour [Gary R. Caldwell](<a href=\"https:\/\/www.flickr.com\/photos\/20316292@N05\/\">https:\/\/www.flickr.com\/photos\/20316292@N05\/<\/a> &#8220;Go to Gary R. Caldwell&#8217;s photostream&#8221;) sous licence <a href=\"https:\/\/creativecommons.org\/licenses\/by-nd\/2.0\/\">CC BY-ND 2.0<\/a><\/figcaption><\/figure>\n<p>### Paris \u00e0 la pointe de la mode<\/p>\n<p>Que serait un mois de <\/strong>septembre \u00e0 Paris<strong> sans la <\/strong>Fashion Week<strong> ? Les tendances de la saison \u00e0 venir y sont d\u00e9crypt\u00e9es, analys\u00e9es, critiqu\u00e9es et plus ou moins chaudement applaudies. Vous aussi, participez \u00e0 cette semaine d&#8217;effervescence de la haute couture <em>made in<\/em> Paris, en osant une incursion dans les temples de la mode de la <\/strong>capitale du chic<strong>.<\/p>\n<p>\u00c0 moins d&#8217;avoir emport\u00e9 dans vos valises un <em>pass<\/em> magique, n&#8217;esp\u00e9rez toutefois pas assister aux d\u00e9fil\u00e9s des plus c\u00e9l\u00e8bres couturiers. Mais rien n&#8217;est perdu ! En marge de la <\/strong>Fashion Week<strong>, des \u00e9v\u00e8nements sont organis\u00e9s dans les grands magasins et les mus\u00e9es de la ville.<\/p>\n<p>Le <\/strong>Off de la Fashion Week<strong>, c&#8217;est l&#8217;occasion de visiter des expositions retra\u00e7ant l&#8217;histoire de grandes maisons de couture, de d\u00e9couvrir le parcours des cr\u00e9ateurs d&#8217;hier et de demain, et d&#8217;assister \u00e0 des performances autour du th\u00e8me de la mode. Profitez-en !<\/p>\n<p>### <\/strong>La petite ceinture de Paris<strong><\/p>\n<p>Marcher dans la <\/strong>nature \u00e0 Paris en automne<strong>, c&#8217;est possible ! \u00c0 quelques pas du bitume, <\/strong>la petite ceinture<strong> est le lieu id\u00e9al pour admirer la v\u00e9g\u00e9tation en septembre, en octobre ou en novembre.<\/p>\n<p>Les 32 km d&#8217;anciennes voies ferr\u00e9es, aujourd&#8217;hui d\u00e9saffect\u00e9es, sont en cours d&#8217;am\u00e9nagement par la Mairie de Paris. L&#8217;objectif est d&#8217;en faire des <\/strong>&#8221; couloirs de nature &#8220;<strong>. Un projet \u00e9cologique d&#8217;envergure, \u00e0 ne pas manquer ! Plusieurs tron\u00e7ons sont ouverts au public, notamment dans le XII\u00e8me, le XV\u00e8me et le XVIII\u00e8me arrondissement.<\/p>\n<p>### <\/strong>Paris sous l&#8217;\u0153il de Andr\u00e9 Kert\u00e9sz<strong><\/p>\n<p>N\u00e9 \u00e0 Budapest \u00e0 la fin du XIX\u00e8me si\u00e8cle, ce <\/strong>photographe hongrois<strong> a commenc\u00e9 sa carri\u00e8re sur les champs de batailles de la premi\u00e8re guerre mondiale. Il \u00e9migre ensuite \u00e0 Paris, puis \u00e0 New-York et collabore avec des magazines de photographies renomm\u00e9s.<\/p>\n<p>Apr\u00e8s 30 ans d&#8217;exil aux Etats-Unis, il revient dans la capitale fran\u00e7aise au d\u00e9but des ann\u00e9es 1960 et red\u00e9couvre la ville \u00e0 travers l&#8217;objectif de son appareil. _<\/strong>Paris automne 1963<strong>_ est un receuil de photographies de <\/strong>ses meilleurs clich\u00e9s parisiens :<strong>  les bords de Seine, le jardin du Luxembourg, Montmartre&#8230;Pr\u00e9parez-vous \u00e0 un <\/strong>voyage au coeur de la ville lumi\u00e8re<strong> !<\/p>\n<p>### Paris en automne et en bref<\/p>\n<p><\/strong>Quand y aaller ?<strong><\/p>\n<p>En septembre, pour profiter des derniers beaux jours. En octobre et en novembre, les averses peuvent vous surprendre et le vent peut \u00eatre parfois tr\u00e8s froid : pr\u00e9voyez des petites laines !<\/p>\n<p><\/strong>Comment se d\u00e9placer ?<strong><\/p>\n<p><\/strong>\u00c0 pied<strong>, si le temps est cl\u00e9ment. Sinon, profitez de l&#8217;\u00e9tendue du r\u00e9seau de bus RATP, ou des bus <\/strong>touristiques On hop On off<strong>, comme ceux des soci\u00e9t\u00e9s Big bus ou Open Tour.<\/p>\n<p><\/strong>O\u00f9 dormir ?<strong><\/p>\n<p>R\u00e9servez une chambre d&#8217;h\u00f4tel dans le <a href=\"http:\/\/www.expedia.fr\/Buttes-Chaumont-La-Villette-Paris-Hotel.0-n800105-0.Voyage-Guide-Filtre-Hotels\">quartier des Buttes-Chaumont<\/a>, ou du <a href=\"http:\/\/www.expedia.fr\/Cite-Universitaire-Hotel.d178674.Voyage-Guide-Hotels\">parc Montsouris<\/a>, deux poumons de verdure, pour admirer les couleurs de l&#8217;arri\u00e8re-saison parisienne.<\/p>\n<p>Profitez de nos offres sur tous les h\u00e9b\u00e8rgements de la capitale en visitant notre page des<a href=\"http:\/\/www.expedia.fr\/Paris-Hotel.d179898.Voyage-Guide-Hotels\">h\u00f4tels \u00e0 Paris<\/a>.<\/p>\n<p><\/strong>O\u00f9 manger ?<strong><\/p>\n<p><\/strong>Bistrotters<strong> : 9 rue Decr\u00e8s, XIV\u00e8me arrondissement<\/p>\n<p><\/strong>L&#8217;Ange 20 :<strong> 8 rue Geoffroy L&#8217;Angevin, IV\u00e8me arrondissement<\/p>\n<p><\/strong>Les Poulettes Batignolles<strong> : 10, rue Cheroy, XVII\u00e8me arrondissement.<\/p>\n<p><\/strong><em>&#8221; Un cheval s&#8217;\u00e9croule au milieu d&#8217;une all\u00e9e,<\/em><strong><\/p>\n<p><\/strong><em>Les feuilles tombent sur lui,<\/em><strong><\/p>\n<p> <\/strong><em>Notre amour frissonne,<\/em><strong><\/p>\n<p><\/strong><em>Et le soleil aussi &#8220;<\/em><strong><\/p>\n<p><\/strong>Jacques Pr\u00e9vert<strong> avec son po\u00e8me <\/strong>L&#8217;automne<strong> fait partie des c\u00e9l\u00e8bres po\u00e8tes que l&#8217;arri\u00e8re-saison a inspir\u00e9.<\/p>\n<p>N\u00e9 \u00e0 Neuilly-sur-Seine, il passe toute sa jeunesse \u00e0 <\/strong>Paris<strong>, o\u00f9 il encha\u00eene les petits boulots, notamment dans le c\u00e9l\u00e8bre grand magasin le Bon March\u00e9, avant de conna\u00eetre une gloire mondiale gr\u00e2ce \u00e0 ses <\/strong>po\u00e8mes populaires<strong> !<\/p>\n<p><\/strong>5 \u00e9v\u00e8nements incontournables<strong><\/p>\n<p>Septembre : <\/strong>Journ\u00e9es europ\u00e9ennes du Patrimoine<strong>, visites gratuites et d\u00e9couvertes de sites habituellement ferm\u00e9s<\/p>\n<p>Septembre : <\/strong>F\u00eate des jardins<strong>, animations et visites guid\u00e9es de jardins<\/p>\n<p>Septembre\/octobre : <\/strong>Fashion Week<strong>, pr\u00e9sentation des nouvelles collections, rencontres et expositions<\/p>\n<p>Octobre <\/strong>: Les 20 km de Paris<strong>, course \u00e0 pied au d\u00e9part de la <\/strong>tour Eiffel<strong><\/p>\n<p>De septembre \u00e0 d\u00e9cembre : <\/strong>Festival d&#8217;Automne**, concerts, expositions&#8221;<\/p>\n","protected":false},"excerpt":{"rendered":"<p>Les journ\u00e9es du Patrimoine, \u00e0 la mi-septembre, sont l\u2019occasion id\u00e9ale pour explorer Paris sous un nouvel angle. Certains monuments habituellement&#8230;<\/p>\n","protected":false},"author":6,"featured_media":7026,"comment_status":"open","ping_status":"open","sticky":false,"template":"","format":"standard","meta":{"_acf_changed":false,"footnotes":""},"categories":[162,129,82,121,130],"tags":[16,69,154,122,30],"authors":[],"class_list":["post-7023","post","type-post","status-publish","format-standard","has-post-thumbnail","hentry","category-fall","category-best-of","category-city-break","category-guide","category-staycation","tag-best-of","tag-city-break","tag-fall","tag-guide","tag-staycation","entry"],"acf":[],"yoast_head":"<!-- This site is optimized with the Yoast SEO plugin v23.7 - https:\/\/yoast.com\/wordpress\/plugins\/seo\/ -->\n<title>Escapade \u00e0 Paris en automne | Explore par Expedia<\/title>\n<meta name=\"description\" content=\"Les journ\u00e9es du Patrimoine, \u00e0 la mi-septembre, sont l\u2019occasion id\u00e9ale pour explorer Paris sous un nouvel angle. Certains monuments habituellement...\" \/>\n<meta name=\"robots\" content=\"index, follow, max-snippet:-1, max-image-preview:large, max-video-preview:-1\" \/>\n<link rel=\"canonical\" href=\"https:\/\/www.expedia.fr\/stories\/escapade-a-paris-en-automne\/\" \/>\n<meta property=\"og:locale\" content=\"en_US\" \/>\n<meta property=\"og:type\" content=\"article\" \/>\n<meta property=\"og:title\" content=\"Escapade \u00e0 Paris en automne\" \/>\n<meta property=\"og:description\" content=\"Les journ\u00e9es du Patrimoine, \u00e0 la mi-septembre, sont l\u2019occasion id\u00e9ale pour explorer Paris sous un nouvel angle. Certains monuments habituellement...\" \/>\n<meta property=\"og:url\" content=\"https:\/\/www.expedia.fr\/stories\/escapade-a-paris-en-automne\/\" \/>\n<meta property=\"og:site_name\" content=\"Expedia.fr\" \/>\n<meta property=\"article:published_time\" content=\"2015-08-06T01:20:00+00:00\" \/>\n<meta property=\"article:modified_time\" content=\"2021-09-01T22:20:35+00:00\" \/>\n<meta property=\"og:image\" content=\"https:\/\/a.travel-assets.com\/findyours-php\/viewfinder\/images\/res40\/24000\/24872-share-image.jpg\" \/>\n<meta name=\"author\" content=\"Expedia Team\" \/>\n<meta name=\"twitter:card\" content=\"summary_large_image\" \/>\n<meta name=\"twitter:label1\" content=\"Written by\" \/>\n\t<meta name=\"twitter:data1\" content=\"Expedia Team\" \/>\n\t<meta name=\"twitter:label2\" content=\"Est. reading time\" \/>\n\t<meta name=\"twitter:data2\" content=\"6 minutes\" \/>\n<script type=\"application\/ld+json\" class=\"yoast-schema-graph\">{\"@context\":\"https:\/\/schema.org\",\"@graph\":[{\"@type\":\"WebPage\",\"@id\":\"https:\/\/www.expedia.fr\/stories\/escapade-a-paris-en-automne\/\",\"url\":\"https:\/\/www.expedia.fr\/stories\/escapade-a-paris-en-automne\/\",\"name\":\"Escapade \u00e0 Paris en automne | Explore par Expedia\",\"isPartOf\":{\"@id\":\"https:\/\/www.expedia.fr\/stories\/#website\"},\"primaryImageOfPage\":{\"@id\":\"https:\/\/www.expedia.fr\/stories\/escapade-a-paris-en-automne\/#primaryimage\"},\"image\":{\"@id\":\"https:\/\/www.expedia.fr\/stories\/escapade-a-paris-en-automne\/#primaryimage\"},\"thumbnailUrl\":\"https:\/\/www.expedia.fr\/stories\/wp-content\/uploads\/2021\/06\/24872-share-image.jpg\",\"datePublished\":\"2015-08-06T01:20:00+00:00\",\"dateModified\":\"2021-09-01T22:20:35+00:00\",\"author\":{\"@id\":\"https:\/\/www.expedia.fr\/stories\/#\/schema\/person\/7420ac2a0d206769c4bee055dd92a389\"},\"description\":\"Les journ\u00e9es du Patrimoine, \u00e0 la mi-septembre, sont l\u2019occasion id\u00e9ale pour explorer Paris sous un nouvel angle. Certains monuments habituellement...\",\"breadcrumb\":{\"@id\":\"https:\/\/www.expedia.fr\/stories\/escapade-a-paris-en-automne\/#breadcrumb\"},\"inLanguage\":\"en-US\",\"potentialAction\":[{\"@type\":\"ReadAction\",\"target\":[\"https:\/\/www.expedia.fr\/stories\/escapade-a-paris-en-automne\/\"]}]},{\"@type\":\"ImageObject\",\"inLanguage\":\"en-US\",\"@id\":\"https:\/\/www.expedia.fr\/stories\/escapade-a-paris-en-automne\/#primaryimage\",\"url\":\"https:\/\/www.expedia.fr\/stories\/wp-content\/uploads\/2021\/06\/24872-share-image.jpg\",\"contentUrl\":\"https:\/\/www.expedia.fr\/stories\/wp-content\/uploads\/2021\/06\/24872-share-image.jpg\",\"width\":1024,\"height\":429},{\"@type\":\"BreadcrumbList\",\"@id\":\"https:\/\/www.expedia.fr\/stories\/escapade-a-paris-en-automne\/#breadcrumb\",\"itemListElement\":[{\"@type\":\"ListItem\",\"position\":1,\"name\":\"Explore\",\"item\":\"https:\/\/www.expedia.fr\/stories\/\"},{\"@type\":\"ListItem\",\"position\":2,\"name\":\"Automne\",\"item\":\"https:\/\/www.expedia.fr\/stories\/fall\/\"},{\"@type\":\"ListItem\",\"position\":3,\"name\":\"Escapade \u00e0 Paris en automne\"}]},{\"@type\":\"WebSite\",\"@id\":\"https:\/\/www.expedia.fr\/stories\/#website\",\"url\":\"https:\/\/www.expedia.fr\/stories\/\",\"name\":\"Expedia.fr\",\"description\":\"Votre voyage commence ici\",\"potentialAction\":[{\"@type\":\"SearchAction\",\"target\":{\"@type\":\"EntryPoint\",\"urlTemplate\":\"https:\/\/www.expedia.fr\/stories\/?s={search_term_string}\"},\"query-input\":{\"@type\":\"PropertyValueSpecification\",\"valueRequired\":true,\"valueName\":\"search_term_string\"}}],\"inLanguage\":\"en-US\"},{\"@type\":\"Person\",\"@id\":\"https:\/\/www.expedia.fr\/stories\/#\/schema\/person\/7420ac2a0d206769c4bee055dd92a389\",\"name\":\"Expedia Team\",\"image\":{\"@type\":\"ImageObject\",\"inLanguage\":\"en-US\",\"@id\":\"https:\/\/www.expedia.fr\/stories\/#\/schema\/person\/image\/\",\"url\":\"https:\/\/secure.gravatar.com\/avatar\/462d1c27805d4ef11d34ed16118fa530?s=96&d=mm&r=g\",\"contentUrl\":\"https:\/\/secure.gravatar.com\/avatar\/462d1c27805d4ef11d34ed16118fa530?s=96&d=mm&r=g\",\"caption\":\"Expedia Team\"},\"url\":\"https:\/\/www.expedia.fr\/stories\/author\/expedia-team\/\"}]}<\/script>\n<!-- \/ Yoast SEO plugin. -->","yoast_head_json":{"title":"Escapade \u00e0 Paris en automne | Explore par Expedia","description":"Les journ\u00e9es du Patrimoine, \u00e0 la mi-septembre, sont l\u2019occasion id\u00e9ale pour explorer Paris sous un nouvel angle. Certains monuments habituellement...","robots":{"index":"index","follow":"follow","max-snippet":"max-snippet:-1","max-image-preview":"max-image-preview:large","max-video-preview":"max-video-preview:-1"},"canonical":"https:\/\/www.expedia.fr\/stories\/escapade-a-paris-en-automne\/","og_locale":"en_US","og_type":"article","og_title":"Escapade \u00e0 Paris en automne","og_description":"Les journ\u00e9es du Patrimoine, \u00e0 la mi-septembre, sont l\u2019occasion id\u00e9ale pour explorer Paris sous un nouvel angle. Certains monuments habituellement...","og_url":"https:\/\/www.expedia.fr\/stories\/escapade-a-paris-en-automne\/","og_site_name":"Expedia.fr","article_published_time":"2015-08-06T01:20:00+00:00","article_modified_time":"2021-09-01T22:20:35+00:00","og_image":[{"url":"https:\/\/a.travel-assets.com\/findyours-php\/viewfinder\/images\/res40\/24000\/24872-share-image.jpg"}],"author":"Expedia Team","twitter_card":"summary_large_image","twitter_misc":{"Written by":"Expedia Team","Est. reading time":"6 minutes"},"schema":{"@context":"https:\/\/schema.org","@graph":[{"@type":"WebPage","@id":"https:\/\/www.expedia.fr\/stories\/escapade-a-paris-en-automne\/","url":"https:\/\/www.expedia.fr\/stories\/escapade-a-paris-en-automne\/","name":"Escapade \u00e0 Paris en automne | Explore par Expedia","isPartOf":{"@id":"https:\/\/www.expedia.fr\/stories\/#website"},"primaryImageOfPage":{"@id":"https:\/\/www.expedia.fr\/stories\/escapade-a-paris-en-automne\/#primaryimage"},"image":{"@id":"https:\/\/www.expedia.fr\/stories\/escapade-a-paris-en-automne\/#primaryimage"},"thumbnailUrl":"https:\/\/www.expedia.fr\/stories\/wp-content\/uploads\/2021\/06\/24872-share-image.jpg","datePublished":"2015-08-06T01:20:00+00:00","dateModified":"2021-09-01T22:20:35+00:00","author":{"@id":"https:\/\/www.expedia.fr\/stories\/#\/schema\/person\/7420ac2a0d206769c4bee055dd92a389"},"description":"Les journ\u00e9es du Patrimoine, \u00e0 la mi-septembre, sont l\u2019occasion id\u00e9ale pour explorer Paris sous un nouvel angle. Certains monuments habituellement...","breadcrumb":{"@id":"https:\/\/www.expedia.fr\/stories\/escapade-a-paris-en-automne\/#breadcrumb"},"inLanguage":"en-US","potentialAction":[{"@type":"ReadAction","target":["https:\/\/www.expedia.fr\/stories\/escapade-a-paris-en-automne\/"]}]},{"@type":"ImageObject","inLanguage":"en-US","@id":"https:\/\/www.expedia.fr\/stories\/escapade-a-paris-en-automne\/#primaryimage","url":"https:\/\/www.expedia.fr\/stories\/wp-content\/uploads\/2021\/06\/24872-share-image.jpg","contentUrl":"https:\/\/www.expedia.fr\/stories\/wp-content\/uploads\/2021\/06\/24872-share-image.jpg","width":1024,"height":429},{"@type":"BreadcrumbList","@id":"https:\/\/www.expedia.fr\/stories\/escapade-a-paris-en-automne\/#breadcrumb","itemListElement":[{"@type":"ListItem","position":1,"name":"Explore","item":"https:\/\/www.expedia.fr\/stories\/"},{"@type":"ListItem","position":2,"name":"Automne","item":"https:\/\/www.expedia.fr\/stories\/fall\/"},{"@type":"ListItem","position":3,"name":"Escapade \u00e0 Paris en automne"}]},{"@type":"WebSite","@id":"https:\/\/www.expedia.fr\/stories\/#website","url":"https:\/\/www.expedia.fr\/stories\/","name":"Expedia.fr","description":"Votre voyage commence ici","potentialAction":[{"@type":"SearchAction","target":{"@type":"EntryPoint","urlTemplate":"https:\/\/www.expedia.fr\/stories\/?s={search_term_string}"},"query-input":{"@type":"PropertyValueSpecification","valueRequired":true,"valueName":"search_term_string"}}],"inLanguage":"en-US"},{"@type":"Person","@id":"https:\/\/www.expedia.fr\/stories\/#\/schema\/person\/7420ac2a0d206769c4bee055dd92a389","name":"Expedia Team","image":{"@type":"ImageObject","inLanguage":"en-US","@id":"https:\/\/www.expedia.fr\/stories\/#\/schema\/person\/image\/","url":"https:\/\/secure.gravatar.com\/avatar\/462d1c27805d4ef11d34ed16118fa530?s=96&d=mm&r=g","contentUrl":"https:\/\/secure.gravatar.com\/avatar\/462d1c27805d4ef11d34ed16118fa530?s=96&d=mm&r=g","caption":"Expedia Team"},"url":"https:\/\/www.expedia.fr\/stories\/author\/expedia-team\/"}]}},"_links":{"self":[{"href":"https:\/\/www.expedia.fr\/stories\/wp-json\/wp\/v2\/posts\/7023"}],"collection":[{"href":"https:\/\/www.expedia.fr\/stories\/wp-json\/wp\/v2\/posts"}],"about":[{"href":"https:\/\/www.expedia.fr\/stories\/wp-json\/wp\/v2\/types\/post"}],"author":[{"embeddable":true,"href":"https:\/\/www.expedia.fr\/stories\/wp-json\/wp\/v2\/users\/6"}],"replies":[{"embeddable":true,"href":"https:\/\/www.expedia.fr\/stories\/wp-json\/wp\/v2\/comments?post=7023"}],"version-history":[{"count":2,"href":"https:\/\/www.expedia.fr\/stories\/wp-json\/wp\/v2\/posts\/7023\/revisions"}],"predecessor-version":[{"id":18071,"href":"https:\/\/www.expedia.fr\/stories\/wp-json\/wp\/v2\/posts\/7023\/revisions\/18071"}],"wp:featuredmedia":[{"embeddable":true,"href":"https:\/\/www.expedia.fr\/stories\/wp-json\/wp\/v2\/media\/7026"}],"wp:attachment":[{"href":"https:\/\/www.expedia.fr\/stories\/wp-json\/wp\/v2\/media?parent=7023"}],"wp:term":[{"taxonomy":"category","embeddable":true,"href":"https:\/\/www.expedia.fr\/stories\/wp-json\/wp\/v2\/categories?post=7023"},{"taxonomy":"post_tag","embeddable":true,"href":"https:\/\/www.expedia.fr\/stories\/wp-json\/wp\/v2\/tags?post=7023"},{"taxonomy":"authors","embeddable":true,"href":"https:\/\/www.expedia.fr\/stories\/wp-json\/wp\/v2\/authors?post=7023"}],"curies":[{"name":"wp","href":"https:\/\/api.w.org\/{rel}","templated":true}]}}