{"id":6974,"date":"2015-09-06T02:49:00","date_gmt":"2015-09-06T02:49:00","guid":{"rendered":"https:\/\/expedia.blog.fr.sandwave.dev\/stories\/?p=6974"},"modified":"2021-09-01T22:20:26","modified_gmt":"2021-09-01T22:20:26","slug":"entrez-dans-la-danse-pendant-les-carnavals-des-canaries","status":"publish","type":"post","link":"https:\/\/www.expedia.fr\/stories\/entrez-dans-la-danse-pendant-les-carnavals-des-canaries\/","title":{"rendered":"Entrez dans la danse pendant les carnavals des Canaries !"},"content":{"rendered":"<p>&#8220;<em>Cette ann\u00e9e, jetez l&#8217;ancre sur le rivage des \u00eeles de Gran Canaria et de Tenerife, et venez participer \u00e0 l&#8217;un des plus mythiques carnavals du monde&#8230;<\/em><\/p>\n<p>Sur les <strong>\u00eeles Canaries<\/strong>, le <strong>carnaval est une v\u00e9ritable institution<\/strong>, et ce, depuis le XV\u00e8me si\u00e8cle ! Chaque ann\u00e9e, aux mois de janvier et de f\u00e9vrier, <strong>les**<\/strong>\u00eeles de Gran Canaria et de Tenerife<strong> se couvrent de plumes color\u00e9es et de paillettes scintillantes. <\/strong>Musique<strong> rythm\u00e9e, <\/strong>parades<strong> \u00e9blouissantes et <\/strong>fanfares<strong> en d\u00e9lire accompagnent chacun de vos pas. <em>Uno, dos, tres, comienza la fiesta ! (Un, deux, trois, que la f\u00eate commence !)<\/em><\/p>\n<p>Fiesta dans les rues de Gran Canaria<br \/>&#8212;&#8212;&#8212;&#8212;&#8212;&#8212;&#8212;&#8212;&#8212;&#8212;&#8212;&#8212;<\/p>\n<p>### La grande cavalcade<\/p>\n<p><\/strong>Le soir de la cavalcade de Gran Canaria<strong>, la foule en liesse tr\u00e9pigne d&#8217;impatience en attendant le d\u00e9part de la parade. Profitez de quelques minutes de r\u00e9pit pour peaufiner votre costume. Le mot d&#8217;ordre est le suivant : ex-cen-tri-ci-t\u00e9 ! Couleurs vives, <\/strong>perruque bariol\u00e9e<strong>, accessoires flashy, masques abracadabrants&#8230; Ne vous refusez rien !<\/p>\n<p>Rejoignez ensuite les 200 000 personnes qui dansent en cadence autour des dizaines de chars abondamment d\u00e9cor\u00e9s. La <\/strong>parade<strong> se met en route ? Suivez-la le long de son <\/strong>p\u00e9riple de 7 km dans les rues de Gran Canaria<strong>. Entre 2 pas de danse, participez \u00e0 une bataille de confettis et applaudissez les musiciens d\u00e9cha\u00een\u00e9s.<\/p>\n<p>Tout cela vous donne chaud, n&#8217;est-ce pas ? Accordez-vous une bi\u00e8re locale bien fra\u00eeche : <\/strong><em>La Tropical<\/em><strong>, \u00e0 moins que vous ne pr\u00e9f\u00e9riez tremper vos l\u00e8vres dans un verre de <\/strong><em>ron miel<\/em><strong>, liqueur du coin \u00e0 base de rhum et de miel.<\/p>\n<figure class='defer-image' data-markdown='1'>\n<p><img decoding=\"async\" src=\"https:\/\/a.travel-assets.com\/findyours-php\/viewfinder\/images\/res40\/106000\/106092.jpg\" alt=\"fish-carnaval.jpg\" \/><figcaption><a href=\"https:\/\/www.flickr.com\/photos\/tenerife\/2244725887\">Photo<\/a> par <a href=\"https:\/\/www.flickr.com\/photos\/tenerife\/\">Secret Tenerife<\/a> sous license <a href=\"https:\/\/creativecommons.org\/licenses\/by\/2.0\/\">CC BY2.0<\/a><\/figcaption><\/figure>\n<p> <\/strong>### L&#8217;enterrement de La Sardine<strong><\/p>\n<p>Tous <\/strong>les carnavaliers avertis de Gran Canaria<strong> attendent avec impatience <\/strong>l&#8217;enterrement de La Sardine<strong>&#8230;<\/p>\n<p>Cette <\/strong>ultime cavalcade<strong> est le rituel de cl\u00f4ture de la p\u00e9riode du carnaval. C&#8217;est aussi le moment de ranger votre <\/strong>costume bariol\u00e9<strong> au placard&#8230; et de jeter votre d\u00e9volu sur une tenue plus sobre. Porter le deuil est en effet de rigueur \u00e0 l&#8217;enterrement de cette pauvre sardine !<\/p>\n<p>Les participants enfilent donc des v\u00eatements et des <\/strong>masques noirs<strong>, ou se griment en clowns tristes. Au cours de cette parade, vous \u00eates invit\u00e9 \u00e0 simuler une vive \u00e9motion : pleurs, larmes, lamentations et mines \u00e9plor\u00e9es sont les bienvenues. Accompagnez la sardine g\u00e9ante en papier m\u00e2ch\u00e9 dans son dernier voyage, avant de terminer en beaut\u00e9 votre <\/strong>carnaval \u00e0 Gran Canaria<strong>, en dansant aux rythmes des diff\u00e9rentes troupes de musiciens, <\/strong>les Murgas<strong>&#8230;<\/p>\n<p>Les temps forts du carnaval de Tenerife<br \/>&#8212;&#8212;&#8212;&#8212;&#8212;&#8212;&#8212;&#8212;&#8212;&#8212;&#8212;&#8212;&#8212;<\/p>\n<p>### L&#8217;\u00e9lection de la Reine du carnaval<\/p>\n<p>\u00c0 <\/strong>Tenerife<strong>, le <\/strong>gala de l&#8217;\u00e9lection de la Reine<strong> a g\u00e9n\u00e9ralement lieu durant la premi\u00e8re semaine du carnaval. Venez soutenir les diff\u00e9rentes candidates d\u00e9filant dans leurs impressionnants costumes sur une sc\u00e8ne de 1 200 m2 !<\/p>\n<p>Chaque tenue a n\u00e9cessit\u00e9 de longues heures de travail : certaines p\u00e8sent jusqu&#8217;\u00e0 100 kilos, pour une envergure d\u00e9passant parfois les 2 ou 3 m\u00e8tres. \u00c9chasses, plumes gigantesques, masques&#8230; Tous les d\u00e9tails sont \u00e0 l&#8217;image du <\/strong>carnaval de Tenerife<strong> : grandioses !<\/p>\n<p>Apr\u00e8s avoir chaudement applaudi la grande gagnante, accordez-vous une pause en sirotant un <\/strong><em>batido<\/em><strong> vitamin\u00e9, sorte de <em>smoothies<\/em> \u00e0 base de nectar de fruits tropicaux. Ce breuvage local vous fournit toute l&#8217;\u00e9nergie n\u00e9cessaire pour danser sur la <\/strong>plage de Tenerife<strong> jusqu&#8217;au bout de la nuit !<\/p>\n<figure class='defer-image' data-markdown='1'>\n<p><img decoding=\"async\" src=\"https:\/\/a.travel-assets.com\/findyours-php\/viewfinder\/images\/res40\/106000\/106093.jpg\" alt=\"carnival.jpg\" \/><figcaption><a href=\"https:\/\/www.flickr.com\/photos\/doegox\/8505179902\/in\/photolist-dXzgEN-4nM45z-dXtBqr-dXzjif-dXtCDV-dXtCbV-647oYi-4qxL68-by8n1K-amWMM-a84xh-65buBW-dXtDFX-a7pLn-4qBV5u-4rbajH-EPDbT3-61Zn9L-auH6L-646NCV-aEoGF-6474qv-by8kKT-aEqZj-6DV1uC-61Vamx-bkdkkN-EWahZC-by8iWr-bkdppA-4rbbHz-EYuCo6-EE53B3-by8c98-F7FpqB-AAMPz-E9XNME-EE67cC-EYu3uK-bycUSr-EW9ooq-4rbbat-EahZH8-EE6efW-EE5kyE-4rfdH9-F7F16a-E9X8jG-Eah8zx-E9Wsc3\">Photo<\/a> par <a href=\"https:\/\/www.flickr.com\/photos\/doegox\/\">Philippe Teuwen<\/a> sous licence <a href=\"https:\/\/creativecommons.org\/licenses\/by-sa\/2.0\/\">CC BY-SA 2.0<\/a><\/figcaption><\/figure>\n<p> <\/strong>### Les \u00c2nesses de G\u00fc\u00edmar<strong><\/p>\n<p>Le carnaval de Tenerife touche \u00e0 sa fin. Il est temps pour vous de rejoindre la petite commune de <\/strong>G\u00fc\u00edmar<strong>, situ\u00e9e \u00e0 l&#8217;est de l&#8217;\u00eele. Depuis 1992, une troupe de com\u00e9diens propose au public d&#8217;assister \u00e0 une <\/strong>repr\u00e9sentation th\u00e9\u00e2trale traditionnelle<strong> pour le moins&#8230; terrifiante !<\/p>\n<p>Bas\u00e9 sur d&#8217;anciennes croyances li\u00e9es \u00e0 la <\/strong>sorcellerie<strong>, ce spectacle met en sc\u00e8ne d&#8217;\u00e9tranges \u00e2nesses qui viennent se m\u00ealer au cort\u00e8ge de cl\u00f4ture du carnaval. Arriv\u00e9s sur la place principale de la ville, des <\/strong>carnavaliers<strong> intrigu\u00e9s piquent alors les flancs de ces \u00e2nes&#8230; qui se transforment subitement en sorci\u00e8res !<\/p>\n<p>Celles-ci terrorisent les habitants du village, jusqu&#8217;\u00e0 ce qu&#8217;elles soient captur\u00e9es et br\u00fbl\u00e9es sur le b\u00fbcher. Un spectacle effrayant, certes, mais incontournable. C&#8217;est aussi \u00e7a, le <\/strong>carnaval aux Canaries<strong> !<\/p>\n<p>### <\/strong>Le Saviez-vous ?<strong><\/p>\n<p>Le <\/strong>carnaval de Santa cruz de Tenerife<strong> doit son origine aux premiers conqu\u00e9rants espagnols qui arrivent aux Canaries au d\u00e9but du XV\u00e8me si\u00e8cle. Il attire les foudres des autorit\u00e9s religieuses de l&#8217;\u00e9poque et plus tard du gouvernement franquiste et est interdit \u00e0 plusieurs reprises.<\/p>\n<p>Depuis les an\u00e9es 70, des miliers de curieux et d&#8217;habitu\u00e9s se pressent pour assister aux <\/strong>incroyables parades et manifestaitons<strong> qui en font sa r\u00e9putation. Ce carnaval est aujourd&#8217;hui consid\u00e9r\u00e9 comme l&#8217;<\/strong>un des plus populaies au monde<strong>, juste derri\u00e8re le c\u00e9l\u00e8bre carnaval de Rio de Janeiro.<\/p>\n<p>### <\/strong>Les \u00eeles Canaries sous l&#8217;\u0153il de David Serrano<strong><\/p>\n<p>Envie de retrouver le charme unique et les paysages grandioses des \u00eeles Canaries ? Visionnez le film sorti en 2010 <\/strong><em>Une heure de plus aux \u00eeles Canaries<\/em><strong> du r\u00e9alisateur espagnol David Serrano. Vous voyagez sur les traces des deux protagonistes dans les rues des villages des Canaries que vous foulerez bient\u00f4t, parmi les <\/strong>chars color\u00e9s<strong> et les <\/strong>f\u00eatards d\u00e9guis\u00e9s<strong> !<\/p>\n<p>### <\/strong>Les Canaries en bref&#8230;<strong><\/p>\n<p><\/strong>Quand y aller ?<strong><\/p>\n<p>Les <\/strong>carnavals de Grand Canaria et de Tenerife<strong> d\u00e9butent habituellement <\/strong>fin janvier<strong>, et se poursuivent jusqu&#8217;\u00e0 la <\/strong>3e semaine de f\u00e9vrier<strong>. Pensez \u00e0 r\u00e9server votre voyage : les festivit\u00e9s attirent chaque ann\u00e9e des visiteurs du monde entier !<\/p>\n<p><\/strong>Comment se d\u00e9placer ?<strong><\/p>\n<p><\/strong>En bus :<strong> les Canariens appellent les autobus <\/strong><em>guaguas<\/em><strong>. Si vous \u00eates entre amis ou en famille, optez pour un <\/strong><em>bono-bus<\/em><strong>, un ticket vous permet de voyager \u00e0 plusieurs durant quelques jours.<\/p>\n<p><\/strong>\u00c0 pied<strong> : dans les communes des \u00eeles, les d\u00e9placements se font de pr\u00e9f\u00e9rence \u00e0 pied.<\/p>\n<p><\/strong>O\u00f9 dormir ?<strong><\/p>\n<p>Entre <a href=\"http:\/\/www.expedia.fr\/Tenerife-Hotel.d6047194.Voyage-Guide-Hotels\">Tenerife<\/a> et <a href=\"http:\/\/www.expedia.fr\/Grande-Canarie-Hotel.d6047134.Voyage-Guide-Hotels\">Gran Canaria<\/a>, vous n&#8217;avez plus qu&#8217;\u00e0 choisir !<\/p>\n<p><\/strong>O\u00f9 manger ?<strong><\/p>\n<p><\/strong>Tasca Tierras del Sur<strong> : Pedro Gonzalez Gomez 20, 38617 Granadilla de Abona, Tenerife<\/p>\n<p><em>Tapas, bar \u00e0 vin, menus entre 12 \u20ac et 18 \u20ac*<\/em><\/p>\n<p><\/strong>Tasca el granero<strong> : Calle el Granero 16, Tijoco Bajo, Ad\u00e8je, Tenerife<\/p>\n<p><em>Cuisine espagnole, menus entre 20 \u20ac et 35 \u20ac*<\/em><\/p>\n<p><\/strong>Wapa Tapa<strong> : Av. Estados Unidos 54, Playa del Ingl\u00e9s, Gran Canaria<\/p>\n<p><em>Tapas, menus entre 15 \u20ac et 25 \u20ac*<\/em><\/p>\n<p><\/strong>La<strong> <\/strong>Cucina<strong> : Calle Corriente 8, Puerto de Mogan, Mogan, Gran Canaria<\/p>\n<p><em>Cuisine italienne, menus entre 11 \u20ac et 22 \u20ac*<\/em><\/p>\n<p><em>* Les prix sont donn\u00e9s \u00e0 titre indicatif et peuvent varier<\/em><\/p>\n<p>### <\/strong>Ils ont dit<strong><\/p>\n<p>_<\/strong>Focus sur les Murgas<strong>_<\/p>\n<p>Les <\/strong><em>bandas<\/em> (orchestres) de rues<strong> du carnaval des \u00eeles Canaries s&#8217;appellent les <\/strong>Murgas<strong>. Elles sont compos\u00e9es de plusieurs dizaines de musiciens s&#8217;accompagnant uniquement de percussions.<\/p>\n<p>Les Murgas prennent plaisir \u00e0 composer des chansons humoristiques critiquant la politique et \u00e9voquant les probl\u00e8mes de la <\/strong>soci\u00e9t\u00e9 actuelle<strong>. L&#8217;air des chansons est la plupart du temps emprunt\u00e9 aux chansons populaires. Filmez-les sans h\u00e9siter pour partager leur talent au-del\u00e0 des \u00eeles Canaries !<\/p>\n<p>### <\/strong>Calendrier<strong><\/p>\n<p><\/strong>4 \u00e9v\u00e8nements incontournables autour des carnavals des Canaries<strong><\/p>\n<p>Janvier : <\/strong>Festival de musique des Canaries<strong>, musique classique<\/p>\n<p>Janvier\/f\u00e9vrier : <\/strong>Carnaval \u00e0 Gran Canaria et \u00e0 Tenerife<strong> ; parades, bals, animations&#8230;<\/p>\n<p>F\u00e9vrier : <\/strong>F\u00eate de l&#8217;amandier en fleur<strong>, \u00e0 Tejeda<\/p>\n<p>F\u00e9vrier : <\/strong>Festival d&#8217;op\u00e9ra \u00e0 Las Palmas**, Temporada&#8221;<\/p>\n","protected":false},"excerpt":{"rendered":"<p>Le soir de la cavalcade de Gran Canaria, la foule en liesse tr\u00e9pigne d\u2019impatience en attendant le d\u00e9part de la parade. Profitez de quelques minutes&#8230;<\/p>\n","protected":false},"author":6,"featured_media":6977,"comment_status":"open","ping_status":"open","sticky":false,"template":"","format":"standard","meta":{"_acf_changed":false,"footnotes":""},"categories":[95,153,113,121,151,123],"tags":[17,49,27,122,40,70],"authors":[],"class_list":["post-6974","post","type-post","status-publish","format-standard","has-post-thumbnail","hentry","category-culture","category-summer","category-festivals-events","category-guide","category-music","category-beach","tag-beach","tag-culture","tag-festivals-events","tag-guide","tag-music","tag-summer","entry"],"acf":[],"yoast_head":"<!-- This site is optimized with the Yoast SEO plugin v23.7 - https:\/\/yoast.com\/wordpress\/plugins\/seo\/ -->\n<title>Les carnavals des Canaries : dansez maintenant ! | Explore par Expedia<\/title>\n<meta name=\"description\" content=\"Le soir de la cavalcade de Gran Canaria, la foule en liesse tr\u00e9pigne d\u2019impatience en attendant le d\u00e9part de la parade. Profitez de quelques minutes...\" \/>\n<meta name=\"robots\" content=\"index, follow, max-snippet:-1, max-image-preview:large, max-video-preview:-1\" \/>\n<link rel=\"canonical\" href=\"https:\/\/www.expedia.fr\/stories\/entrez-dans-la-danse-pendant-les-carnavals-des-canaries\/\" \/>\n<meta property=\"og:locale\" content=\"en_US\" \/>\n<meta property=\"og:type\" content=\"article\" \/>\n<meta property=\"og:title\" content=\"Entrez dans la danse pendant les carnavals des Canaries !\" \/>\n<meta property=\"og:description\" content=\"Le soir de la cavalcade de Gran Canaria, la foule en liesse tr\u00e9pigne d\u2019impatience en attendant le d\u00e9part de la parade. Profitez de quelques minutes...\" \/>\n<meta property=\"og:url\" content=\"https:\/\/www.expedia.fr\/stories\/entrez-dans-la-danse-pendant-les-carnavals-des-canaries\/\" \/>\n<meta property=\"og:site_name\" content=\"Expedia.fr\" \/>\n<meta property=\"article:published_time\" content=\"2015-09-06T02:49:00+00:00\" \/>\n<meta property=\"article:modified_time\" content=\"2021-09-01T22:20:26+00:00\" \/>\n<meta property=\"og:image\" content=\"https:\/\/a.travel-assets.com\/findyours-php\/viewfinder\/images\/res40\/24000\/24836-share-image.jpg\" \/>\n<meta name=\"author\" content=\"Expedia Team\" \/>\n<meta name=\"twitter:card\" content=\"summary_large_image\" \/>\n<meta name=\"twitter:label1\" content=\"Written by\" \/>\n\t<meta name=\"twitter:data1\" content=\"Expedia Team\" \/>\n\t<meta name=\"twitter:label2\" content=\"Est. reading time\" \/>\n\t<meta name=\"twitter:data2\" content=\"6 minutes\" \/>\n<script type=\"application\/ld+json\" class=\"yoast-schema-graph\">{\"@context\":\"https:\/\/schema.org\",\"@graph\":[{\"@type\":\"WebPage\",\"@id\":\"https:\/\/www.expedia.fr\/stories\/entrez-dans-la-danse-pendant-les-carnavals-des-canaries\/\",\"url\":\"https:\/\/www.expedia.fr\/stories\/entrez-dans-la-danse-pendant-les-carnavals-des-canaries\/\",\"name\":\"Les carnavals des Canaries : dansez maintenant ! | Explore par Expedia\",\"isPartOf\":{\"@id\":\"https:\/\/www.expedia.fr\/stories\/#website\"},\"primaryImageOfPage\":{\"@id\":\"https:\/\/www.expedia.fr\/stories\/entrez-dans-la-danse-pendant-les-carnavals-des-canaries\/#primaryimage\"},\"image\":{\"@id\":\"https:\/\/www.expedia.fr\/stories\/entrez-dans-la-danse-pendant-les-carnavals-des-canaries\/#primaryimage\"},\"thumbnailUrl\":\"https:\/\/www.expedia.fr\/stories\/wp-content\/uploads\/2021\/06\/24836-share-image.jpg\",\"datePublished\":\"2015-09-06T02:49:00+00:00\",\"dateModified\":\"2021-09-01T22:20:26+00:00\",\"author\":{\"@id\":\"https:\/\/www.expedia.fr\/stories\/#\/schema\/person\/7420ac2a0d206769c4bee055dd92a389\"},\"description\":\"Le soir de la cavalcade de Gran Canaria, la foule en liesse tr\u00e9pigne d\u2019impatience en attendant le d\u00e9part de la parade. Profitez de quelques minutes...\",\"breadcrumb\":{\"@id\":\"https:\/\/www.expedia.fr\/stories\/entrez-dans-la-danse-pendant-les-carnavals-des-canaries\/#breadcrumb\"},\"inLanguage\":\"en-US\",\"potentialAction\":[{\"@type\":\"ReadAction\",\"target\":[\"https:\/\/www.expedia.fr\/stories\/entrez-dans-la-danse-pendant-les-carnavals-des-canaries\/\"]}]},{\"@type\":\"ImageObject\",\"inLanguage\":\"en-US\",\"@id\":\"https:\/\/www.expedia.fr\/stories\/entrez-dans-la-danse-pendant-les-carnavals-des-canaries\/#primaryimage\",\"url\":\"https:\/\/www.expedia.fr\/stories\/wp-content\/uploads\/2021\/06\/24836-share-image.jpg\",\"contentUrl\":\"https:\/\/www.expedia.fr\/stories\/wp-content\/uploads\/2021\/06\/24836-share-image.jpg\",\"width\":1024,\"height\":682},{\"@type\":\"BreadcrumbList\",\"@id\":\"https:\/\/www.expedia.fr\/stories\/entrez-dans-la-danse-pendant-les-carnavals-des-canaries\/#breadcrumb\",\"itemListElement\":[{\"@type\":\"ListItem\",\"position\":1,\"name\":\"Explore\",\"item\":\"https:\/\/www.expedia.fr\/stories\/\"},{\"@type\":\"ListItem\",\"position\":2,\"name\":\"Culture\",\"item\":\"https:\/\/www.expedia.fr\/stories\/culture\/\"},{\"@type\":\"ListItem\",\"position\":3,\"name\":\"Entrez dans la danse pendant les carnavals des Canaries !\"}]},{\"@type\":\"WebSite\",\"@id\":\"https:\/\/www.expedia.fr\/stories\/#website\",\"url\":\"https:\/\/www.expedia.fr\/stories\/\",\"name\":\"Expedia.fr\",\"description\":\"Votre voyage commence ici\",\"potentialAction\":[{\"@type\":\"SearchAction\",\"target\":{\"@type\":\"EntryPoint\",\"urlTemplate\":\"https:\/\/www.expedia.fr\/stories\/?s={search_term_string}\"},\"query-input\":{\"@type\":\"PropertyValueSpecification\",\"valueRequired\":true,\"valueName\":\"search_term_string\"}}],\"inLanguage\":\"en-US\"},{\"@type\":\"Person\",\"@id\":\"https:\/\/www.expedia.fr\/stories\/#\/schema\/person\/7420ac2a0d206769c4bee055dd92a389\",\"name\":\"Expedia Team\",\"image\":{\"@type\":\"ImageObject\",\"inLanguage\":\"en-US\",\"@id\":\"https:\/\/www.expedia.fr\/stories\/#\/schema\/person\/image\/\",\"url\":\"https:\/\/secure.gravatar.com\/avatar\/462d1c27805d4ef11d34ed16118fa530?s=96&d=mm&r=g\",\"contentUrl\":\"https:\/\/secure.gravatar.com\/avatar\/462d1c27805d4ef11d34ed16118fa530?s=96&d=mm&r=g\",\"caption\":\"Expedia Team\"},\"url\":\"https:\/\/www.expedia.fr\/stories\/author\/expedia-team\/\"}]}<\/script>\n<!-- \/ Yoast SEO plugin. -->","yoast_head_json":{"title":"Les carnavals des Canaries : dansez maintenant ! | Explore par Expedia","description":"Le soir de la cavalcade de Gran Canaria, la foule en liesse tr\u00e9pigne d\u2019impatience en attendant le d\u00e9part de la parade. Profitez de quelques minutes...","robots":{"index":"index","follow":"follow","max-snippet":"max-snippet:-1","max-image-preview":"max-image-preview:large","max-video-preview":"max-video-preview:-1"},"canonical":"https:\/\/www.expedia.fr\/stories\/entrez-dans-la-danse-pendant-les-carnavals-des-canaries\/","og_locale":"en_US","og_type":"article","og_title":"Entrez dans la danse pendant les carnavals des Canaries !","og_description":"Le soir de la cavalcade de Gran Canaria, la foule en liesse tr\u00e9pigne d\u2019impatience en attendant le d\u00e9part de la parade. Profitez de quelques minutes...","og_url":"https:\/\/www.expedia.fr\/stories\/entrez-dans-la-danse-pendant-les-carnavals-des-canaries\/","og_site_name":"Expedia.fr","article_published_time":"2015-09-06T02:49:00+00:00","article_modified_time":"2021-09-01T22:20:26+00:00","og_image":[{"url":"https:\/\/a.travel-assets.com\/findyours-php\/viewfinder\/images\/res40\/24000\/24836-share-image.jpg"}],"author":"Expedia Team","twitter_card":"summary_large_image","twitter_misc":{"Written by":"Expedia Team","Est. reading time":"6 minutes"},"schema":{"@context":"https:\/\/schema.org","@graph":[{"@type":"WebPage","@id":"https:\/\/www.expedia.fr\/stories\/entrez-dans-la-danse-pendant-les-carnavals-des-canaries\/","url":"https:\/\/www.expedia.fr\/stories\/entrez-dans-la-danse-pendant-les-carnavals-des-canaries\/","name":"Les carnavals des Canaries : dansez maintenant ! | Explore par Expedia","isPartOf":{"@id":"https:\/\/www.expedia.fr\/stories\/#website"},"primaryImageOfPage":{"@id":"https:\/\/www.expedia.fr\/stories\/entrez-dans-la-danse-pendant-les-carnavals-des-canaries\/#primaryimage"},"image":{"@id":"https:\/\/www.expedia.fr\/stories\/entrez-dans-la-danse-pendant-les-carnavals-des-canaries\/#primaryimage"},"thumbnailUrl":"https:\/\/www.expedia.fr\/stories\/wp-content\/uploads\/2021\/06\/24836-share-image.jpg","datePublished":"2015-09-06T02:49:00+00:00","dateModified":"2021-09-01T22:20:26+00:00","author":{"@id":"https:\/\/www.expedia.fr\/stories\/#\/schema\/person\/7420ac2a0d206769c4bee055dd92a389"},"description":"Le soir de la cavalcade de Gran Canaria, la foule en liesse tr\u00e9pigne d\u2019impatience en attendant le d\u00e9part de la parade. Profitez de quelques minutes...","breadcrumb":{"@id":"https:\/\/www.expedia.fr\/stories\/entrez-dans-la-danse-pendant-les-carnavals-des-canaries\/#breadcrumb"},"inLanguage":"en-US","potentialAction":[{"@type":"ReadAction","target":["https:\/\/www.expedia.fr\/stories\/entrez-dans-la-danse-pendant-les-carnavals-des-canaries\/"]}]},{"@type":"ImageObject","inLanguage":"en-US","@id":"https:\/\/www.expedia.fr\/stories\/entrez-dans-la-danse-pendant-les-carnavals-des-canaries\/#primaryimage","url":"https:\/\/www.expedia.fr\/stories\/wp-content\/uploads\/2021\/06\/24836-share-image.jpg","contentUrl":"https:\/\/www.expedia.fr\/stories\/wp-content\/uploads\/2021\/06\/24836-share-image.jpg","width":1024,"height":682},{"@type":"BreadcrumbList","@id":"https:\/\/www.expedia.fr\/stories\/entrez-dans-la-danse-pendant-les-carnavals-des-canaries\/#breadcrumb","itemListElement":[{"@type":"ListItem","position":1,"name":"Explore","item":"https:\/\/www.expedia.fr\/stories\/"},{"@type":"ListItem","position":2,"name":"Culture","item":"https:\/\/www.expedia.fr\/stories\/culture\/"},{"@type":"ListItem","position":3,"name":"Entrez dans la danse pendant les carnavals des Canaries !"}]},{"@type":"WebSite","@id":"https:\/\/www.expedia.fr\/stories\/#website","url":"https:\/\/www.expedia.fr\/stories\/","name":"Expedia.fr","description":"Votre voyage commence ici","potentialAction":[{"@type":"SearchAction","target":{"@type":"EntryPoint","urlTemplate":"https:\/\/www.expedia.fr\/stories\/?s={search_term_string}"},"query-input":{"@type":"PropertyValueSpecification","valueRequired":true,"valueName":"search_term_string"}}],"inLanguage":"en-US"},{"@type":"Person","@id":"https:\/\/www.expedia.fr\/stories\/#\/schema\/person\/7420ac2a0d206769c4bee055dd92a389","name":"Expedia Team","image":{"@type":"ImageObject","inLanguage":"en-US","@id":"https:\/\/www.expedia.fr\/stories\/#\/schema\/person\/image\/","url":"https:\/\/secure.gravatar.com\/avatar\/462d1c27805d4ef11d34ed16118fa530?s=96&d=mm&r=g","contentUrl":"https:\/\/secure.gravatar.com\/avatar\/462d1c27805d4ef11d34ed16118fa530?s=96&d=mm&r=g","caption":"Expedia Team"},"url":"https:\/\/www.expedia.fr\/stories\/author\/expedia-team\/"}]}},"_links":{"self":[{"href":"https:\/\/www.expedia.fr\/stories\/wp-json\/wp\/v2\/posts\/6974"}],"collection":[{"href":"https:\/\/www.expedia.fr\/stories\/wp-json\/wp\/v2\/posts"}],"about":[{"href":"https:\/\/www.expedia.fr\/stories\/wp-json\/wp\/v2\/types\/post"}],"author":[{"embeddable":true,"href":"https:\/\/www.expedia.fr\/stories\/wp-json\/wp\/v2\/users\/6"}],"replies":[{"embeddable":true,"href":"https:\/\/www.expedia.fr\/stories\/wp-json\/wp\/v2\/comments?post=6974"}],"version-history":[{"count":1,"href":"https:\/\/www.expedia.fr\/stories\/wp-json\/wp\/v2\/posts\/6974\/revisions"}],"predecessor-version":[{"id":15470,"href":"https:\/\/www.expedia.fr\/stories\/wp-json\/wp\/v2\/posts\/6974\/revisions\/15470"}],"wp:featuredmedia":[{"embeddable":true,"href":"https:\/\/www.expedia.fr\/stories\/wp-json\/wp\/v2\/media\/6977"}],"wp:attachment":[{"href":"https:\/\/www.expedia.fr\/stories\/wp-json\/wp\/v2\/media?parent=6974"}],"wp:term":[{"taxonomy":"category","embeddable":true,"href":"https:\/\/www.expedia.fr\/stories\/wp-json\/wp\/v2\/categories?post=6974"},{"taxonomy":"post_tag","embeddable":true,"href":"https:\/\/www.expedia.fr\/stories\/wp-json\/wp\/v2\/tags?post=6974"},{"taxonomy":"authors","embeddable":true,"href":"https:\/\/www.expedia.fr\/stories\/wp-json\/wp\/v2\/authors?post=6974"}],"curies":[{"name":"wp","href":"https:\/\/api.w.org\/{rel}","templated":true}]}}