{"id":10078,"date":"2015-07-27T06:48:00","date_gmt":"2015-07-27T06:48:00","guid":{"rendered":"https:\/\/expedia.blog.fr.sandwave.dev\/stories\/?p=10078"},"modified":"2021-09-01T22:30:42","modified_gmt":"2021-09-01T22:30:42","slug":"remonter-le-fil-de-lhistoire-a-seville","status":"publish","type":"post","link":"https:\/\/www.expedia.fr\/stories\/remonter-le-fil-de-lhistoire-a-seville\/","title":{"rendered":"Remonter le fil de l&#8217;Histoire \u00e0 S\u00e9ville"},"content":{"rendered":"<p>&#8220;<em>Capitale de l&#8217;Andalousie, S\u00e9ville est une ville au charme unique qui a vu une partie de l&#8217;histoire na\u00eetre entre ses murs&#8230;<\/em><\/p>\n<p><strong>La cit\u00e9 de S\u00e9ville<\/strong> est marqu\u00e9e par les diff\u00e9rents empires qui ont voulu la conqu\u00e9rir et dont elle garde encore les traces. Son emplacement strat\u00e9gique et sa beaut\u00e9 en ont fait une terre tr\u00e8s d\u00e9sir\u00e9e. Aujourd&#8217;hui, <strong>parcourir S\u00e9ville<\/strong>, c&#8217;est remonter le fil de <strong>l&#8217;histoire espagnole<\/strong>&#8230;<\/p>\n<p><strong>Jour 1 \u00e0 S\u00e9ville : de Guadalquivir \u00e0 la muraille romaine<\/strong><br \/>&#8212;&#8212;&#8212;&#8212;&#8212;&#8212;&#8212;&#8212;&#8212;&#8212;&#8212;&#8212;&#8212;&#8212;&#8212;&#8212;&#8212;&#8212;&#8212;&#8212;<\/p>\n<p>### <strong>S\u00e9ville, une seule ville pour des si\u00e8cles d&#8217;Empire<\/strong><\/p>\n<p>Commencez votre voyage dans <strong>S\u00e9ville<\/strong> par une vue d&#8217;ensemble sur la cit\u00e9.<\/p>\n<p>En empruntant le <strong>pont Isabel II<\/strong>, aussi connu comme le <strong>pont de Triana<\/strong>, vous admirez le fleuve tranquille <strong>Guadalquivir<\/strong> qui borde le quartier historique de la ville. Sur la rive droite, la petite <strong>chapelle du Carmel<\/strong> et ses toits d&#8217;<strong><em>azulejos<\/em><\/strong> (fa\u00efence) ne sont qu&#8217;un avant-gout des splendeurs qui vous attendent en vous engageant dans la ville. De l&#8217;autre c\u00f4t\u00e9 du fleuve, vous apercevez d\u00e9j\u00e0 la solennelle <strong>Torre del Oro (tour de l&#8217;Or)<\/strong>. Approchez-vous ! Venez vous engouffrer dans les ruelles de la <strong>belle Andalouse<\/strong> o\u00f9 se concentrent des monuments charg\u00e9s d&#8217;histoire&#8230;<\/p>\n<p>Impossible de manquer l&#8217;imposante <strong>cath\u00e9drale<\/strong> de style gothique inscrite au patrimoine mondial de l&#8217;UNESCO. Mais ne laissez pas cette grande dame \u00e9clipser son charmant voisin : le <strong>palais archi\u00e9piscopal de S\u00e9ville<\/strong>. Actuelle demeure de l&#8217;archev\u00eaque, ce palais abrite \u00e9galement une pinacoth\u00e8que (mus\u00e9e d&#8217;\u0153uvres picturales) et un fonds documentaire. Amateurs d&#8217;art, r\u00e9galez-vous !<\/p>\n<figure class='defer-image' data-markdown='1'>\n<p><img decoding=\"async\" src=\"https:\/\/a.travel-assets.com\/findyours-php\/viewfinder\/images\/res40\/108000\/108255.jpg\" alt=\"La Giralda Curimedia CC BY 2.0.jpg\" \/><figcaption>Cath\u00e9drale &#8220;la Giralda&#8221;, S\u00e9ville &#8211; Cr\u00e9dit <a href=\"https:\/\/upload.wikimedia.org\/wikipedia\/commons\/0\/0f\/Sevilla_Cathedral%2C_%22la_Giralda%22_%286571045079%29.jpg\">photo<\/a> : <a href=\"http:\/\/www.flickr.com\/people\/14035760@N03\">Curimedia<\/a> sous licence <a href=\"https:\/\/creativecommons.org\/licenses\/by\/2.0\/deed.en\">CC BY 2.0<\/a><\/figcaption><\/figure>\n<p>### <strong>S\u00e9ville, une ville royale<\/strong><\/p>\n<p>Fl\u00e2nez ensuite dans la rue <strong>calle del Agua<\/strong> qui longe l&#8217;ancienne <strong>muraille romaine de S\u00e9ville<\/strong> et vous am\u00e8ne vers l&#8217;<strong>Alcazar<\/strong>. Cet ancien palais fortifi\u00e9 est c\u00e9l\u00e8bre pour ses jardins, mais c&#8217;est aussi l&#8217;une des r\u00e9sidences de la famille royale espagnole ! \u00c0 deux pas de l\u00e0 se trouvent les b\u00e2timents de l&#8217;ancienne <strong>Fabrique Royale de Tabac de S\u00e9ville<\/strong>. \u00c0 vous de voir si vous osez franchir ses impressionnantes grilles&#8230;<\/p>\n<p>Enfin, concluez votre premi\u00e8re journ\u00e9e \u00e0 S\u00e9ville en beaut\u00e9 avec la spectaculaire <strong>place d&#8217;Espagne<\/strong> semi-circulaire situ\u00e9e dans le <strong>parc Mar\u00eda Luisa<\/strong>. Construite pour l&#8217;exposition ib\u00e9ro-am\u00e9ricaine de 1929, cette place embl\u00e9matique a \u00e9t\u00e9 inaugur\u00e9e \u00e0 l&#8217;\u00e9poque par le <strong>roi Alfonso XIII<\/strong>.<\/p>\n<p>Avant la fin de l&#8217;apr\u00e8s-midi, faites un saut au <strong>mus\u00e9e arch\u00e9ologique<\/strong> <strong>de S\u00e9ville<\/strong> qui se trouve au sud du parc et dont la collection va du Pal\u00e9olithique au Moyen-\u00e2ge !<\/p>\n<p><strong>Jour 2 \u00e0 S\u00e9ville : un tour historique \u00e0 360\u00b0<\/strong> <br \/>&#8212;&#8212;&#8212;&#8212;&#8212;&#8212;&#8212;&#8212;&#8212;&#8212;&#8212;&#8212;&#8212;&#8212;&#8212;&#8212;-<\/p>\n<p>### <strong>Embrasser l&#8217;Histoire du regard \u00e0 S\u00e9ville<\/strong><\/p>\n<p>Pour votre deuxi\u00e8me journ\u00e9e dans la <strong>capitale andalouse<\/strong>, mettez le cap au nord, \u00e0 la d\u00e9couverte du quartier historique de la cit\u00e9.<\/p>\n<p>Comme toute <strong>l&#8217;Espagne<\/strong>, S\u00e9ville a \u00e9t\u00e9 tr\u00e8s fortement marqu\u00e9e par le r\u00e8gne des Rois Catholiques et la <strong>Reconquista<\/strong>. <strong>L&#8217;\u00e9glise de<\/strong> <strong>Santa Mar\u00eda Magdalena<\/strong> est le premier arr\u00eat de votre itin\u00e9raire, mais aussi un tr\u00e8s bel exemple de l&#8217;architecture baroque. Passez ensuite devant l&#8217;actuel <strong>H\u00f4tel de Ville<\/strong> dont le b\u00e2timent a \u00e9t\u00e9 construit au XVIe si\u00e8cle pour rendre hommage au Mariage de Charles Quint et d&#8217;Isabel de Portugal !<\/p>\n<p>Continuez votre chemin, car bien d&#8217;autres joyaux vous attendent : comme <strong>l&#8217;\u00e9glise du Divin Sauveur<\/strong> et sa fa\u00e7ade color\u00e9e, ou l&#8217;aristocratique <strong>palais<\/strong> <strong>Casa de Pilatos<\/strong> (Maison de Pilate) dont la construction remonte au XVe si\u00e8cle&#8230;<\/p>\n<figure class='defer-image' data-markdown='1'>\n<p><img decoding=\"async\" src=\"https:\/\/a.travel-assets.com\/findyours-php\/viewfinder\/images\/res40\/108000\/108256.jpg\" alt=\"Mus\u00e9e arch\u00e9ologique Barcex CC BY-SA 3.0.jpg\" \/><figcaption>[Mus\u00e9e arch\u00e9ologique de S\u00e9ville &#8211; Cr\u00e9dit <a href=\"https:\/\/upload.wikimedia.org\/wikipedia\/commons\/thumb\/3\/33\/Sevilla_-_Museo_Arqueol%C3%B3gico_-_20070519-13.jpg\/1200px-Sevilla_-_Museo_Arqueol%C3%B3gico_-_20070519-13.jpg\">photo<\/a> : [Barcex](<a href=\"https:\/\/commons.wikimedia.org\/wiki\/User:Barcex\">https:\/\/commons.wikimedia.org\/wiki\/User:Barcex<\/a> &#8220;User:Barcex&#8221;) sous licence <a href=\"https:\/\/creativecommons.org\/licenses\/by-sa\/3.0\/deed.en\">CC BY-SA 3.0<\/a>](<a href=\"https:\/\/commons.wikimedia.org\/wiki\/User:Barcex\">https:\/\/commons.wikimedia.org\/wiki\/User:Barcex<\/a> &#8220;User:Barcex&#8221;) sous licence <a href=\"https:\/\/creativecommons.org\/licenses\/by-sa\/3.0\/deed.en\">CC BY-SA 3.0<\/a>)<\/figcaption><\/figure>\n<p>### <strong>Prendre de la hauteur, et plonger dans l&#8217;Histoire s\u00e9villane !<\/strong><\/p>\n<p>Le charme de S\u00e9ville, c&#8217;est aussi de savoir vivre son histoire au pr\u00e9sent.<\/p>\n<p>Montez sur cet \u00e9trange champignon urbain qu&#8217;est le <strong>Metropol Parasol<\/strong> pour jouir d&#8217;une vue imprenable sur la ville. En redescendant, vous admirez l&#8217;<strong>Antiquarium<\/strong> que ce b\u00e2timent design abrite dans ses fondements. Un mus\u00e9e arch\u00e9ologique constitu\u00e9 de ruines romaines, mises \u00e0 jour lors de la construction du &#8221; Parasol &#8221; !<\/p>\n<p>Si vous empruntez ensuite la belle <strong>promenade d&#8217;Hercule<\/strong>, vous p\u00e9n\u00e9trez dans le <strong>deuxi\u00e8me jardin public le plus ancien d&#8217;Europe<\/strong>. Id\u00e9al pour marcher sur les traces de l&#8217;histoire&#8230; avec au bout du sentier, le <strong>monast\u00e8re de San Clemente<\/strong>. Un petit havre de paix pour conclure votre <strong>s\u00e9jour historique \u00e0 S\u00e9ville<\/strong> en beaut\u00e9&#8230; et en sucr\u00e9 ! Vous pouvez en effet y faire le plein de g\u00e2teaux au miel et de confitures pr\u00e9par\u00e9s par les bonnes s\u0153urs&#8230;<\/p>\n<p>### &#8221; <strong><em>Hercule m&#8217;a \u00e9difi\u00e9e<\/em><\/strong> <strong><em>Jules C\u00e9sar m&#8217;a encercl\u00e9e<\/em><\/strong> <strong><em>De murs et de hautes tours<\/em><\/strong> <strong><em>Et le saint roi m&#8217;a gagn\u00e9e<\/em><\/strong> <strong><em>Avec Garci P\u00e9rez de Vargas<\/em><\/strong> &#8220;<\/p>\n<p>Inscrits sur l&#8217;ancienne <strong>Porte de Jerez<\/strong>, ces vers latins anonymes expriment bien la complexit\u00e9 de l&#8217;histoire de S\u00e9ville. Aujourd&#8217;hui, cette porte de la muraille n&#8217;existe plus, mais les mots, eux, demeurent&#8230;<\/p>\n<p>### <strong>L&#8217;Exposition universelle de S\u00e9ville de 1992<\/strong><\/p>\n<p>L&#8217;histoire n&#8217;arr\u00eate jamais de s&#8217;\u00e9crire \u00e0 S\u00e9ville ! En 1992, la capitale andalouse accueille une \u00e9dition particuli\u00e8re de l&#8217;Exposition universelle. Directement li\u00e9e \u00e0 son pass\u00e9, elle a pour th\u00e9matique &#8221; l&#8217;\u00c8re des d\u00e9couvertes &#8220;. Cet \u00e9v\u00e8nement aura laiss\u00e9 des traces dans la ville, comme le <strong>parc scientifique et technologique**<\/strong>Cartuja 93<strong> et le <\/strong>parc d&#8217;attractions Isla M\u00e1gica<strong> sur l&#8217;\u00eele de <\/strong>La Cartuja<strong>. Le lieu n&#8217;a pas \u00e9t\u00e9 choisi au hasard puisqu&#8217;on raconte que c&#8217;est \u00e0 La Cartuja que <\/strong>Cristophe Colomb<strong> aurait pr\u00e9par\u00e9 ses exp\u00e9ditions&#8230; Voil\u00e0 un autre site important \u00e0 <\/strong>visiter lors de votre s\u00e9jour \u00e0 S\u00e9ville !<strong><\/p>\n<p>### <\/strong>S\u00e9ville historique en bref<strong><\/p>\n<p><\/strong>Quand y aller ?<strong><\/p>\n<p>Au <\/strong>printemps<strong> ou en <\/strong>\u00e9t\u00e9<strong> pour profiter \u00e0 la fois des festivit\u00e9s et du beau temps !<\/p>\n<p><em>Faites des \u00e9conomies sur votre [s\u00e9jour \u00e0 S\u00e9ville](<a href=\"https:\/\/www.expedia.fr\/Seville.d3312.Reservation-Sejours-Voyages\">https:\/\/www.expedia.fr\/Seville.d3312.Reservation-Sejours-Voyages<\/a> &#8220;S\u00e9jour \u00e0 S\u00e9ville, toutes les offres Expedia&#8221;) en r\u00e9servant votre h\u00f4tel et votre vol ensemble sur Expedia.<\/em><\/p>\n<p><\/strong>Comment se d\u00e9placer ?<strong><\/p>\n<p><\/strong>\u00c0 pied<strong>, c&#8217;est encore le meilleur moyen d&#8217;arpenter la ville, en se perdant dans ses charmantes ruelles \u00e9troites. Si la fatigue se fait sentir, choisissez le <\/strong>tramway<strong> qui dessert le centre historique de S\u00e9ville.<\/p>\n<p><\/strong>O\u00f9 dormir ?<strong><\/p>\n<p>Parmi l&#8217;offre d'[h\u00f4tels de S\u00e9ville](<a href=\"https:\/\/www.expedia.fr\/Seville-Hotel.d3312.Voyage-Guide-Hotels?rfrr=TG.Destinations.City.Book.Hotels\">https:\/\/www.expedia.fr\/Seville-Hotel.d3312.Voyage-Guide-Hotels?rfrr=TG.Destinations.City.Book.Hotels<\/a> &#8220;H\u00f4tels \u00e0 S\u00e9ville&#8221;), et pour une immersion totale, optez pour un [h\u00f4tel historique \u00e0 S\u00e9ville](<a href=\"https:\/\/www.expedia.fr\/Seville-Hotel-Hotel-Historique.0-0-d3312-tHotelhistorique.Voyage-Guide-Filtre-Hotels?rfrr=TG.LP.Filter.Theme\">https:\/\/www.expedia.fr\/Seville-Hotel-Hotel-Historique.0-0-d3312-tHotelhistorique.Voyage-Guide-Filtre-Hotels?rfrr=TG.LP.Filter.Theme<\/a> &#8220;H\u00f4tels historiques \u00e0 S\u00e9ville&#8221;) . Choisissez un [h\u00e9bergement pr\u00e8s de la cath\u00e9drale de S\u00e9ville](<a href=\"https:\/\/www.expedia.fr\/Cathedrale-De-Seville-Hotel.0-l502758-0.Voyage-Guide-Filtre-Hotels?rfrr=TG.LP.Filter.Attraction\">https:\/\/www.expedia.fr\/Cathedrale-De-Seville-Hotel.0-l502758-0.Voyage-Guide-Filtre-Hotels?rfrr=TG.LP.Filter.Attraction<\/a> &#8220;H\u00f4tel pr\u00e8s de la cath\u00e9drale de S\u00e9ville&#8221;) par exemple, au c\u0153ur du district du <\/strong>Casco Antiguo<strong>, le quartier historique de <\/strong>Santa Cruz.<strong> Vous serez au plus pr\u00e8s des monuments les plus c\u00e9l\u00e8bres.<\/p>\n<p><\/strong>O\u00f9 manger ?<strong><\/p>\n<p><\/strong>Enrique Becerra<strong> : calle Gamazo 2, district du Casco Antiguo  <br \/><em>Restaurant, tapas \u00e9labor\u00e9es et typiques. Environ 20 \u20ac* par personne<\/em><\/p>\n<p><\/strong>La Moneda<strong> : calle Almirantazgo, 4, district du Casco Antiguo  <br \/><em>Poissons et fruits de mer.<\/em> <em>Menus d\u00e8s 35 \u20ac*<\/em><\/p>\n<p><\/strong>Puratasca<strong> : calle Numancia 5, district de Triana  <br \/><em>Tapas originales et cr\u00e9atives dans un d\u00e9cor cossu, 15 \u00e0 20 \u20ac* par personne<\/em><\/p>\n<p><\/strong>GastroSol<strong> : plaza Encarnaci\u00f3n, district du Casco Antiguo  <br \/><em>Restaurant et bar de tapas en fonction du march\u00e9 du jour, vue incroyable sur S\u00e9ville. 10 \u00e0 15 \u20ac* par personne<\/em><\/p>\n<p><em>*<\/em> Les prix sont donn\u00e9s \u00e0 titre indicatif et peuvent varier.<\/p>\n<p>### <\/strong>S\u00e9ville sous l&#8217;\u0153il de Dominique Abel<strong><\/p>\n<p><\/strong>L&#8217;Andalousie<strong> est une terre riche en traditions. Celle du flamenco en est la plus embl\u00e9matique. <\/strong><em>Poligono sur, S\u00e9ville c\u00f4t\u00e9 sud<\/em><strong> est un documentaire de Dominique Abel qui retrace l&#8217;histoire du quartier d\u00e9favoris\u00e9 des &#8221; <em>Tres mil viviendas<\/em> &#8220;, un lieu historiquement li\u00e9 au <\/strong>flamenco andalou<strong>. C&#8217;est d&#8217;ailleurs dans ce quartier tr\u00e8s marginal que sont n\u00e9s bien de grands noms du flamenco&#8230; !<\/p>\n<p>### <\/strong>4 \u00e9v\u00e9nements incontournables \u00e0 S\u00e9ville<strong><\/p>\n<p>Mars : <\/strong>Festival de Musique antique<strong> ; pour les amateurs de musique et d&#8217;histoire<\/p>\n<p>Mars\/avril : <\/strong>Semaine sainte<strong> ; processions et c\u00e9l\u00e9brations religieuses<\/p>\n<p>30 mai : <\/strong>F\u00eate de San Fernando<strong> ; festivit\u00e9s en l&#8217;honneur du saint patron de la ville<\/p>\n<p>21 &#8211; 26 juillet : <\/strong>Veille de Santiago et Santa Ana<strong> ; le <\/strong>pont de Triana<strong> est d\u00e9cor\u00e9 de lampions, concours de <\/strong>sevillana** (danse traditionnelle de la ville) place de l&#8217;Altozano&#8221;<\/p>\n","protected":false},"excerpt":{"rendered":"<p>Commencez votre voyage dans S\u00e9ville par une vue d\u2019ensemble sur la cit\u00e9.En empruntant le pont Isabel II, aussi connu comme le pont de Triana, vous&#8230;<\/p>\n","protected":false},"author":6,"featured_media":10080,"comment_status":"open","ping_status":"open","sticky":false,"template":"","format":"standard","meta":{"_acf_changed":false,"footnotes":""},"categories":[124,82,95,120,125],"tags":[24,69,49,112,110],"authors":[],"class_list":["post-10078","post","type-post","status-publish","format-standard","has-post-thumbnail","hentry","category-art","category-city-break","category-culture","category-history","category-landmarks","tag-art","tag-city-break","tag-culture","tag-history","tag-landmarks","entry"],"acf":[],"yoast_head":"<!-- This site is optimized with the Yoast SEO plugin v23.7 - https:\/\/yoast.com\/wordpress\/plugins\/seo\/ -->\n<title>Remonter le fil de l&#039;Histoire \u00e0 S\u00e9ville | Explore par Expedia<\/title>\n<meta name=\"description\" content=\"Commencez votre voyage dans S\u00e9ville par une vue d\u2019ensemble sur la cit\u00e9.En empruntant le pont Isabel II, aussi connu comme le pont de Triana, vous...\" \/>\n<meta name=\"robots\" content=\"index, follow, max-snippet:-1, max-image-preview:large, max-video-preview:-1\" \/>\n<link rel=\"canonical\" href=\"https:\/\/www.expedia.fr\/stories\/remonter-le-fil-de-lhistoire-a-seville\/\" \/>\n<meta property=\"og:locale\" content=\"en_US\" \/>\n<meta property=\"og:type\" content=\"article\" \/>\n<meta property=\"og:title\" content=\"Remonter le fil de l&#039;Histoire \u00e0 S\u00e9ville | Explore par Expedia\" \/>\n<meta property=\"og:description\" content=\"Commencez votre voyage dans S\u00e9ville par une vue d\u2019ensemble sur la cit\u00e9.En empruntant le pont Isabel II, aussi connu comme le pont de Triana, vous...\" \/>\n<meta property=\"og:url\" content=\"https:\/\/www.expedia.fr\/stories\/remonter-le-fil-de-lhistoire-a-seville\/\" \/>\n<meta property=\"og:site_name\" content=\"Expedia.fr\" \/>\n<meta property=\"article:published_time\" content=\"2015-07-27T06:48:00+00:00\" \/>\n<meta property=\"article:modified_time\" content=\"2021-09-01T22:30:42+00:00\" \/>\n<meta property=\"og:image\" content=\"https:\/\/a.travel-assets.com\/findyours-php\/viewfinder\/images\/res40\/43000\/43311-share-image.jpg\" \/>\n<meta name=\"author\" content=\"Expedia Team\" \/>\n<meta name=\"twitter:card\" content=\"summary_large_image\" \/>\n<meta name=\"twitter:label1\" content=\"Written by\" \/>\n\t<meta name=\"twitter:data1\" content=\"Expedia Team\" \/>\n\t<meta name=\"twitter:label2\" content=\"Est. reading time\" \/>\n\t<meta name=\"twitter:data2\" content=\"7 minutes\" \/>\n<script type=\"application\/ld+json\" class=\"yoast-schema-graph\">{\"@context\":\"https:\/\/schema.org\",\"@graph\":[{\"@type\":\"WebPage\",\"@id\":\"https:\/\/www.expedia.fr\/stories\/remonter-le-fil-de-lhistoire-a-seville\/\",\"url\":\"https:\/\/www.expedia.fr\/stories\/remonter-le-fil-de-lhistoire-a-seville\/\",\"name\":\"Remonter le fil de l'Histoire \u00e0 S\u00e9ville | Explore par Expedia\",\"isPartOf\":{\"@id\":\"https:\/\/www.expedia.fr\/stories\/#website\"},\"primaryImageOfPage\":{\"@id\":\"https:\/\/www.expedia.fr\/stories\/remonter-le-fil-de-lhistoire-a-seville\/#primaryimage\"},\"image\":{\"@id\":\"https:\/\/www.expedia.fr\/stories\/remonter-le-fil-de-lhistoire-a-seville\/#primaryimage\"},\"thumbnailUrl\":\"https:\/\/www.expedia.fr\/stories\/wp-content\/uploads\/2021\/06\/43311-share-image.jpg\",\"datePublished\":\"2015-07-27T06:48:00+00:00\",\"dateModified\":\"2021-09-01T22:30:42+00:00\",\"author\":{\"@id\":\"https:\/\/www.expedia.fr\/stories\/#\/schema\/person\/7420ac2a0d206769c4bee055dd92a389\"},\"description\":\"Commencez votre voyage dans S\u00e9ville par une vue d\u2019ensemble sur la cit\u00e9.En empruntant le pont Isabel II, aussi connu comme le pont de Triana, vous...\",\"breadcrumb\":{\"@id\":\"https:\/\/www.expedia.fr\/stories\/remonter-le-fil-de-lhistoire-a-seville\/#breadcrumb\"},\"inLanguage\":\"en-US\",\"potentialAction\":[{\"@type\":\"ReadAction\",\"target\":[\"https:\/\/www.expedia.fr\/stories\/remonter-le-fil-de-lhistoire-a-seville\/\"]}]},{\"@type\":\"ImageObject\",\"inLanguage\":\"en-US\",\"@id\":\"https:\/\/www.expedia.fr\/stories\/remonter-le-fil-de-lhistoire-a-seville\/#primaryimage\",\"url\":\"https:\/\/www.expedia.fr\/stories\/wp-content\/uploads\/2021\/06\/43311-share-image.jpg\",\"contentUrl\":\"https:\/\/www.expedia.fr\/stories\/wp-content\/uploads\/2021\/06\/43311-share-image.jpg\",\"width\":1024,\"height\":371},{\"@type\":\"BreadcrumbList\",\"@id\":\"https:\/\/www.expedia.fr\/stories\/remonter-le-fil-de-lhistoire-a-seville\/#breadcrumb\",\"itemListElement\":[{\"@type\":\"ListItem\",\"position\":1,\"name\":\"Explore\",\"item\":\"https:\/\/www.expedia.fr\/stories\/\"},{\"@type\":\"ListItem\",\"position\":2,\"name\":\"Art\",\"item\":\"https:\/\/www.expedia.fr\/stories\/art\/\"},{\"@type\":\"ListItem\",\"position\":3,\"name\":\"Remonter le fil de l&#8217;Histoire \u00e0 S\u00e9ville\"}]},{\"@type\":\"WebSite\",\"@id\":\"https:\/\/www.expedia.fr\/stories\/#website\",\"url\":\"https:\/\/www.expedia.fr\/stories\/\",\"name\":\"Expedia.fr\",\"description\":\"Votre voyage commence ici\",\"potentialAction\":[{\"@type\":\"SearchAction\",\"target\":{\"@type\":\"EntryPoint\",\"urlTemplate\":\"https:\/\/www.expedia.fr\/stories\/?s={search_term_string}\"},\"query-input\":{\"@type\":\"PropertyValueSpecification\",\"valueRequired\":true,\"valueName\":\"search_term_string\"}}],\"inLanguage\":\"en-US\"},{\"@type\":\"Person\",\"@id\":\"https:\/\/www.expedia.fr\/stories\/#\/schema\/person\/7420ac2a0d206769c4bee055dd92a389\",\"name\":\"Expedia Team\",\"image\":{\"@type\":\"ImageObject\",\"inLanguage\":\"en-US\",\"@id\":\"https:\/\/www.expedia.fr\/stories\/#\/schema\/person\/image\/\",\"url\":\"https:\/\/secure.gravatar.com\/avatar\/462d1c27805d4ef11d34ed16118fa530?s=96&d=mm&r=g\",\"contentUrl\":\"https:\/\/secure.gravatar.com\/avatar\/462d1c27805d4ef11d34ed16118fa530?s=96&d=mm&r=g\",\"caption\":\"Expedia Team\"},\"url\":\"https:\/\/www.expedia.fr\/stories\/author\/expedia-team\/\"}]}<\/script>\n<!-- \/ Yoast SEO plugin. -->","yoast_head_json":{"title":"Remonter le fil de l'Histoire \u00e0 S\u00e9ville | Explore par Expedia","description":"Commencez votre voyage dans S\u00e9ville par une vue d\u2019ensemble sur la cit\u00e9.En empruntant le pont Isabel II, aussi connu comme le pont de Triana, vous...","robots":{"index":"index","follow":"follow","max-snippet":"max-snippet:-1","max-image-preview":"max-image-preview:large","max-video-preview":"max-video-preview:-1"},"canonical":"https:\/\/www.expedia.fr\/stories\/remonter-le-fil-de-lhistoire-a-seville\/","og_locale":"en_US","og_type":"article","og_title":"Remonter le fil de l'Histoire \u00e0 S\u00e9ville | Explore par Expedia","og_description":"Commencez votre voyage dans S\u00e9ville par une vue d\u2019ensemble sur la cit\u00e9.En empruntant le pont Isabel II, aussi connu comme le pont de Triana, vous...","og_url":"https:\/\/www.expedia.fr\/stories\/remonter-le-fil-de-lhistoire-a-seville\/","og_site_name":"Expedia.fr","article_published_time":"2015-07-27T06:48:00+00:00","article_modified_time":"2021-09-01T22:30:42+00:00","og_image":[{"url":"https:\/\/a.travel-assets.com\/findyours-php\/viewfinder\/images\/res40\/43000\/43311-share-image.jpg"}],"author":"Expedia Team","twitter_card":"summary_large_image","twitter_misc":{"Written by":"Expedia Team","Est. reading time":"7 minutes"},"schema":{"@context":"https:\/\/schema.org","@graph":[{"@type":"WebPage","@id":"https:\/\/www.expedia.fr\/stories\/remonter-le-fil-de-lhistoire-a-seville\/","url":"https:\/\/www.expedia.fr\/stories\/remonter-le-fil-de-lhistoire-a-seville\/","name":"Remonter le fil de l'Histoire \u00e0 S\u00e9ville | Explore par Expedia","isPartOf":{"@id":"https:\/\/www.expedia.fr\/stories\/#website"},"primaryImageOfPage":{"@id":"https:\/\/www.expedia.fr\/stories\/remonter-le-fil-de-lhistoire-a-seville\/#primaryimage"},"image":{"@id":"https:\/\/www.expedia.fr\/stories\/remonter-le-fil-de-lhistoire-a-seville\/#primaryimage"},"thumbnailUrl":"https:\/\/www.expedia.fr\/stories\/wp-content\/uploads\/2021\/06\/43311-share-image.jpg","datePublished":"2015-07-27T06:48:00+00:00","dateModified":"2021-09-01T22:30:42+00:00","author":{"@id":"https:\/\/www.expedia.fr\/stories\/#\/schema\/person\/7420ac2a0d206769c4bee055dd92a389"},"description":"Commencez votre voyage dans S\u00e9ville par une vue d\u2019ensemble sur la cit\u00e9.En empruntant le pont Isabel II, aussi connu comme le pont de Triana, vous...","breadcrumb":{"@id":"https:\/\/www.expedia.fr\/stories\/remonter-le-fil-de-lhistoire-a-seville\/#breadcrumb"},"inLanguage":"en-US","potentialAction":[{"@type":"ReadAction","target":["https:\/\/www.expedia.fr\/stories\/remonter-le-fil-de-lhistoire-a-seville\/"]}]},{"@type":"ImageObject","inLanguage":"en-US","@id":"https:\/\/www.expedia.fr\/stories\/remonter-le-fil-de-lhistoire-a-seville\/#primaryimage","url":"https:\/\/www.expedia.fr\/stories\/wp-content\/uploads\/2021\/06\/43311-share-image.jpg","contentUrl":"https:\/\/www.expedia.fr\/stories\/wp-content\/uploads\/2021\/06\/43311-share-image.jpg","width":1024,"height":371},{"@type":"BreadcrumbList","@id":"https:\/\/www.expedia.fr\/stories\/remonter-le-fil-de-lhistoire-a-seville\/#breadcrumb","itemListElement":[{"@type":"ListItem","position":1,"name":"Explore","item":"https:\/\/www.expedia.fr\/stories\/"},{"@type":"ListItem","position":2,"name":"Art","item":"https:\/\/www.expedia.fr\/stories\/art\/"},{"@type":"ListItem","position":3,"name":"Remonter le fil de l&#8217;Histoire \u00e0 S\u00e9ville"}]},{"@type":"WebSite","@id":"https:\/\/www.expedia.fr\/stories\/#website","url":"https:\/\/www.expedia.fr\/stories\/","name":"Expedia.fr","description":"Votre voyage commence ici","potentialAction":[{"@type":"SearchAction","target":{"@type":"EntryPoint","urlTemplate":"https:\/\/www.expedia.fr\/stories\/?s={search_term_string}"},"query-input":{"@type":"PropertyValueSpecification","valueRequired":true,"valueName":"search_term_string"}}],"inLanguage":"en-US"},{"@type":"Person","@id":"https:\/\/www.expedia.fr\/stories\/#\/schema\/person\/7420ac2a0d206769c4bee055dd92a389","name":"Expedia Team","image":{"@type":"ImageObject","inLanguage":"en-US","@id":"https:\/\/www.expedia.fr\/stories\/#\/schema\/person\/image\/","url":"https:\/\/secure.gravatar.com\/avatar\/462d1c27805d4ef11d34ed16118fa530?s=96&d=mm&r=g","contentUrl":"https:\/\/secure.gravatar.com\/avatar\/462d1c27805d4ef11d34ed16118fa530?s=96&d=mm&r=g","caption":"Expedia Team"},"url":"https:\/\/www.expedia.fr\/stories\/author\/expedia-team\/"}]}},"_links":{"self":[{"href":"https:\/\/www.expedia.fr\/stories\/wp-json\/wp\/v2\/posts\/10078"}],"collection":[{"href":"https:\/\/www.expedia.fr\/stories\/wp-json\/wp\/v2\/posts"}],"about":[{"href":"https:\/\/www.expedia.fr\/stories\/wp-json\/wp\/v2\/types\/post"}],"author":[{"embeddable":true,"href":"https:\/\/www.expedia.fr\/stories\/wp-json\/wp\/v2\/users\/6"}],"replies":[{"embeddable":true,"href":"https:\/\/www.expedia.fr\/stories\/wp-json\/wp\/v2\/comments?post=10078"}],"version-history":[{"count":2,"href":"https:\/\/www.expedia.fr\/stories\/wp-json\/wp\/v2\/posts\/10078\/revisions"}],"predecessor-version":[{"id":18792,"href":"https:\/\/www.expedia.fr\/stories\/wp-json\/wp\/v2\/posts\/10078\/revisions\/18792"}],"wp:featuredmedia":[{"embeddable":true,"href":"https:\/\/www.expedia.fr\/stories\/wp-json\/wp\/v2\/media\/10080"}],"wp:attachment":[{"href":"https:\/\/www.expedia.fr\/stories\/wp-json\/wp\/v2\/media?parent=10078"}],"wp:term":[{"taxonomy":"category","embeddable":true,"href":"https:\/\/www.expedia.fr\/stories\/wp-json\/wp\/v2\/categories?post=10078"},{"taxonomy":"post_tag","embeddable":true,"href":"https:\/\/www.expedia.fr\/stories\/wp-json\/wp\/v2\/tags?post=10078"},{"taxonomy":"authors","embeddable":true,"href":"https:\/\/www.expedia.fr\/stories\/wp-json\/wp\/v2\/authors?post=10078"}],"curies":[{"name":"wp","href":"https:\/\/api.w.org\/{rel}","templated":true}]}}