{"id":8330,"date":"2024-03-20T09:29:13","date_gmt":"2024-03-20T09:00:00","guid":{"rendered":"https:\/\/www.expedia.fr\/newsroom\/?p=8330"},"modified":"2025-05-12T10:38:16","modified_gmt":"2025-05-12T10:38:16","slug":"abritel-revele-les-locations-de-vacances-de-l-annee-2024","status":"publish","type":"post","link":"https:\/\/www.expedia.fr\/newsroom\/abritel-revele-les-locations-de-vacances-de-l-annee-2024\/","title":{"rendered":"Abritel r\u00e9v\u00e8le les Locations de Vacances de l&#8217;Ann\u00e9e 2024"},"content":{"rendered":"\n<p class=\"has-text-align-center\"><strong>En bord de mer, \u00e0 la montagne ou en pleine campagne,<\/strong> <strong>Abritel d\u00e9voile sa s\u00e9lection des Locations de Vacances de l\u2019Ann\u00e9e 2024, six propri\u00e9t\u00e9s qui r\u00e9pondent aux exigences des familles et groupes d\u2019amis, pour vivre des moments uniques ensemble.<\/strong><\/p>\n\n\n\n<p>Pour partager des moments m\u00e9morables en France, la s\u00e9lection de cette ann\u00e9e comprend des maisons m\u00ealant tradition et modernit\u00e9. Parmi elles, une somptueuse villa face au lac d\u2019Annecy, un mas proven\u00e7al d\u2019exception, un chalet d\u2019alpage dans les Pyr\u00e9n\u00e9es ou encore une propri\u00e9t\u00e9 de style cr\u00e9ole sur l\u2019\u00eele aux fleurs (l\u2019une des destinations les plus pris\u00e9es par les Fran\u00e7ais en hiver).<\/p>\n\n\n\n<p>En plus de pr\u00e9senter des arguments de poids pour des vacances r\u00e9ussies, Les propri\u00e9t\u00e9s comprennent \u00e9galement des \u00e9quipements ext\u00e9rieurs tendance qui inspirent les habitudes de r\u00e9servation des voyageurs en 2024 comme r\u00e9v\u00e9l\u00e9 r\u00e9cemment*.<\/p>\n\n\n\n<p>Une piscine, un beau jardin, un brasero, un bain \u00e0 bulles sur la terrasse ou une cuisine outdoor, les \u00e9quipements ext\u00e9rieurs d\u2019une location de vacances ont en effet la cote. Pr\u00e8s de la moiti\u00e9 des Fran\u00e7ais consid\u00e8rent que ces \u00e9quipements sont les plus importants au moment de r\u00e9server leur s\u00e9jour, loin devant les \u00e9quipements int\u00e9rieurs de la location (22%). Et 27% disent m\u00eame choisir une location de vacances en fonction des \u00e9quipements ext\u00e9rieurs qu\u2019ils ne pourraient pas s\u2019offrir ou bien qu\u2019ils pr\u00e9f\u00e8rent tester avant achat.<\/p>\n\n\n\n<figure class=\"wp-block-image size-large\"><img loading=\"lazy\" decoding=\"async\" width=\"1562\" height=\"864\" src=\"https:\/\/www.expedia.fr\/newsroom\/wp-content\/uploads\/2024\/03\/Mosaique-Abritel-VROTY.jpg\"\" alt=\"\" class=\"wp-image-8325\" srcset=\"https:\/\/www.expedia.fr\/newsroom\/wp-content\/uploads\/2024\/03\/Mosaique-Abritel-VROTY.jpg 1562w, https:\/\/www.expedia.fr\/newsroom\/wp-content\/uploads\/2024\/03\/Mosaique-Abritel-VROTY-300x166.jpg 300w, https:\/\/www.expedia.fr\/newsroom\/wp-content\/uploads\/2024\/03\/Mosaique-Abritel-VROTY-1024x566.jpg 1024w, https:\/\/www.expedia.fr\/newsroom\/wp-content\/uploads\/2024\/03\/Mosaique-Abritel-VROTY-768x425.jpg 768w, https:\/\/www.expedia.fr\/newsroom\/wp-content\/uploads\/2024\/03\/Mosaique-Abritel-VROTY-1536x850.jpg 1536w\" sizes=\"auto, (max-width: 1562px) 100vw, 1562px\" \/><\/figure>\n\n\n\n<p>Dans l\u2019ensemble, ces six locations proposent :<\/p>\n\n\n\n<ul class=\"wp-block-list\">\n<li>5 piscines chauff\u00e9es dont 3 \u00e0 d\u00e9bordement<\/li>\n\n\n\n<li>3 bains \u00e0 remous et 1 sauna<\/li>\n\n\n\n<li>6 terrasses am\u00e9nag\u00e9es avec vue panoramique<\/li>\n\n\n\n<li>5 barbecues de professionnels et planchas<\/li>\n\n\n\n<li>5 jardins paysagers<\/li>\n\n\n\n<li>Des \u00e9quipements uniques, dont un piano, des tables de ping-pong et des caves \u00e0 vin.<\/li>\n<\/ul>\n\n\n\n<p>\u00ab Ce qui me frappe cette ann\u00e9e, c&#8217;est la diversit\u00e9 des locations de vacances de l&#8217;ann\u00e9e \u2013 des maisons pleines de surprises avec des salles de jeux pour les enfants et des caves \u00e0 vin pour les adultes, \u00e0 des tarifs moyens par nuit allant de 131 \u20ac \u00e0 1530 \u20ac. Cette liste illustre la richesse des locations de vacances priv\u00e9es sur Abritel \u00bb, d\u00e9clare Jon Gieselman, pr\u00e9sident d&#8217;Expedia Brands.<\/p>\n\n\n\n<p>Les locations mises \u00e0 l\u2019honneur cette ann\u00e9e sont toutes des maisons enti\u00e8res et ont \u00e9t\u00e9 choisies parmi plus de 2 millions de propri\u00e9t\u00e9s dans le monde sur Abritel. La s\u00e9lection s\u2019est effectu\u00e9e sur la base de plusieurs crit\u00e8res<strong> <\/strong>qui comprennent des appr\u00e9ciations positives de la part des vacanciers, un nombre d\u2019\u00e9toiles sup\u00e9rieur ou \u00e9gal \u00e0 4.9 sur 5, une gestion assur\u00e9e par des propri\u00e9taires avec le statut d\u2019H\u00f4te Premium<em>**<\/em>, la disponibilit\u00e9 de services offerts, d\u2019espaces ext\u00e9rieurs et d\u2019\u00e9quipements exceptionnels parmi les plus recherch\u00e9s pour des s\u00e9jours r\u00e9ussis en famille et entre amis.<\/p>\n\n\n\n<p>\u00ab Les H\u00f4tes Premium d\u2019Abritel vont au-del\u00e0 des attentes pour offrir des exp\u00e9riences exceptionnelles, un gage de confiance et de s\u00e9r\u00e9nit\u00e9 pour les vacanciers \u00bb, a d\u00e9clar\u00e9 Tim Rosolio, vice-pr\u00e9sident Partner Success, division locations de vacances. \u00ab&nbsp;Gr\u00e2ce au r\u00e9cent ajustement de nos crit\u00e8res d&#8217;attribution du statut d\u2019H\u00f4te Premium, nous veillons \u00e0 ce que seuls nos meilleurs partenaires re\u00e7oivent le badge et soient ensuite \u00e9ligibles \u00e0 des opportunit\u00e9s telles que la nomination parmi les locations de vacances de l&#8217;ann\u00e9e. Nous avons des partenaires incroyables sur notre plateforme et, avec le statut d\u2019H\u00f4te Premium, nous envoyons un signal de confiance clair aux vacanciers quant aux endroits o\u00f9 passer des s\u00e9jours exceptionnels.&nbsp;\u00bb<\/p>\n\n\n\n<p><a href=\"http:\/\/www.abritel.fr\/locationsdevacances2024?brandcid=ABRITEL-FR.VROTY24.VR\">Voir la liste compl\u00e8te des Locations de vacances de l&#8217;ann\u00e9e 2024<\/a>.<\/p>\n\n\n\n<p><br>Description des propri\u00e9t\u00e9s d\u00e9sign\u00e9es Locations de Vacances de l\u2019Ann\u00e9e 2024 :<\/p>\n\n\n\n<p><a href=\"https:\/\/www.abritel.fr\/location-vacances\/p1484557?dateless=true&amp;brandcid=ABRITEL-FR.VROTY24.1484557.VR\"><strong>La \u201cVilla Hollywood\u201d avec vue sur le lac d\u2019Annecy<\/strong>&nbsp;<\/a><\/p>\n\n\n\n<p>Cette somptueuse villa contemporaine s\u2019\u00e9tend sur 260m\u00b2 et se fond dans la nature en surplomb le lac d\u2019Annecy. Situ\u00e9e \u00e0 8km en voiture de la vieille ville de la \u00ab&nbsp;Venise des Alpes&nbsp;\u00bb, la villa est le point de chute id\u00e9al pour rayonner en direction des stations de ski en hiver ou de profiter de la montagne et du lac en \u00e9t\u00e9. &nbsp;A l\u2019int\u00e9rieur, le lac est d\u2019ailleurs omnipr\u00e9sent gr\u00e2ce \u00e0 une succession de baies vitr\u00e9es offrant une vue \u00e0 couper le souffle depuis chacune des 5 chambres. On y trouve aussi un sauna pour profiter de la maison l\u2019hiver. C\u00f4t\u00e9 outdoor, de tr\u00e8s amples terrasses parsem\u00e9es d\u2019oliviers se succ\u00e8dent sur diff\u00e9rents niveaux et permettent d\u2019acc\u00e9der \u00e0 la piscine. <\/p>\n\n\n\n<p>5 chambres, jusqu\u2019\u00e0 10 couchages, 5 salles de bain<\/p>\n\n\n\n<p><a href=\"https:\/\/www.abritel.fr\/location-vacances\/p1342750?dateless=true&amp;brandcid=ABRITEL-FR.VROTY24.1342750.VR\"><strong>Une maison contemporaine en Bretagne, avec vue mer panoramique<\/strong><\/a><strong><\/strong><\/p>\n\n\n\n<p>Cette remarquable maison d\u2019architecte ind\u00e9pendante situ\u00e9e sur le sentier des douaniers et face \u00e0 la vieille ville de Concarneau, fut anciennement une maison de gardien de phare enti\u00e8rement r\u00e9nov\u00e9e dans un style contemporain. La vue mer est assur\u00e9e depuis toutes les pi\u00e8ces, de quoi ravir petits et grands par ce panorama idyllique avec l&#8217;oc\u00e9an en toile de fond. Le jardin s\u2019\u00e9tend sur 400m\u00b2, d\u00e9voilant une succession de terrasses avec bains de soleil, salons de jardin, coin repas ombrag\u00e9 pour bruncher \u00e0 plusieurs, se reposer ou simplement l\u00e9zarder d\u00e8s les premiers rayons de soleil.<\/p>\n\n\n\n<p>3 chambres, jusqu\u2019\u00e0 4 couchages, 1 salle de bain<\/p>\n\n\n\n<p><a href=\"https:\/\/www.abritel.fr\/location-vacances\/p1949468?dateless=true&amp;brandcid=ABRITEL-FR.VROTY24.1949468.VR\"><strong>Un chalet pyr\u00e9n\u00e9en de luxe, \u00ab&nbsp;le Saint-Jean Lodge&nbsp;\u00bb<\/strong><\/a><strong><\/strong><\/p>\n\n\n\n<p>Cet authentique chalet en bois juch\u00e9 \u00e0 1850m d\u2019altitude au c\u0153ur de la for\u00eat domine \u00e0 la fois le village des Angles et le lac de Matemale et se situe \u00e0 300m des pistes. A disposition&nbsp;: une piscine int\u00e9rieure chauff\u00e9e 5&#215;2,5 avec jets de massages eau et air, un brasero ext\u00e9rieur, une chemin\u00e9e centrale int\u00e9rieure, plusieurs espaces de d\u00e9tente, de longues terrasses et m\u00eame un vestiaire chauff\u00e9. A la demande, un service de conciergerie est \u00e0 disposition avec chef \u00e0 domicile, livraison de repas, excursions, de quoi se faire chouchouter en pleine nature avec toute sa tribu.<\/p>\n\n\n\n<p>4 chambres, jusqu\u2019\u00e0 12 couchages, 1 salle de bain<\/p>\n\n\n\n<p><a href=\"https:\/\/www.abritel.fr\/location-vacances\/p2204603?dateless=true&amp;brandcid=ABRITEL-FR.VROTY24.2204603.VR\"><strong>Une villa luxueuse dans le Roussillon<\/strong><\/a><strong><\/strong><\/p>\n\n\n\n<p>Cette demeure de famille contemporaine \u00e0 la fois intimiste et raffin\u00e9e de 240m\u00b2 revendique le c\u00e9l\u00e8bre style californien et l\u2019esprit slow life. A la fois casual et tr\u00e8s lumineuse, elle offre une vue panoramique sur la plaine color\u00e9e du Roussillon. Avec ses 4 chambres spacieuses dont une suite parentale avec terrasse, une mezzanine pour bouquiner tranquillement, elle invite au repos et \u00e0 la contemplation. A l\u2019ext\u00e9rieur, cela fleure bon l\u2019\u00e9t\u00e9&nbsp;: bain \u00e0 remous haut de gamme, vaste jardin paysager, terrasse monumentale sur\u00e9lev\u00e9e avec 2 barbecues au choix et plancha, salon de jardin, transats, parasol, chiliennes, table \u00e0 manger. Le clou du spectacle&nbsp;: sa piscine d\u2019inspiration balinaise \u00e0 d\u00e9bordement s\u00e9curis\u00e9e, entour\u00e9e d\u2019immenses palmiers. De quoi \u00e9merveiller ses convives&nbsp;!<\/p>\n\n\n\n<p>4 chambres, jusqu\u2019\u00e0 8 couchages, 2 salles de bain<\/p>\n\n\n\n<p><a href=\"https:\/\/www.abritel.fr\/location-vacances\/p1848974?dateless=true&amp;brandcid=ABRITEL-FR.VROTY24.1848974.VR\"><strong>Un mas proven\u00e7al d\u2019exception dans les Alpilles<\/strong><\/a><strong><\/strong><\/p>\n\n\n\n<p>Ce mas proven\u00e7al idyllique est l\u2019oasis parfait pour se ressourcer en pleine nature, au c\u0153ur du massif des Alpilles, \u00e0 proximit\u00e9 de Saint-R\u00e9my-de-Provence. Cet \u00e9crin de d\u00e9connexion offre un cadre verdoyant tr\u00e8s paisible avec son jardin paysager de 2,5 hectares, plant\u00e9 de cypr\u00e8s, ch\u00eanes verts, lavande et romarin. Avec pas moins de 5 chambres dont 3 suites et une autre ind\u00e9pendante, son esprit boh\u00eame a de quoi ravir ses invit\u00e9s. Son ext\u00e9rieur invite \u00e0 la paresse et au jeu&nbsp;: un lit de jardin \u00e0 baldaquins, une piscine couloir de nage chauff\u00e9e, effet miroir avec plage 16&#215;4,5 bord\u00e9e de transats, un grand bain \u00e0 remous abrit\u00e9 sous les ruines d\u2019une ancienne demeure en pierre, une table de ping-pong, un double barbecue, des terrasses ombrag\u00e9es sous des pergolas, des patios, une pool house et une cabane sous les ch\u00eanes.<\/p>\n\n\n\n<p>5 chambres, jusqu\u2019\u00e0 8 couchages, 4 salles de bain<\/p>\n\n\n\n<p><a href=\"https:\/\/www.abritel.fr\/location-vacances\/p1146238?dateless=true&amp;brandcid=ABRITEL-FR.VROTY24.1146238.VR\"><strong>Une villa de style cr\u00e9ole avec piscine panoramique face au rocher du Diamant<\/strong><\/a><strong><\/strong><\/p>\n\n\n\n<p>Cette villa de style cr\u00e9ole lov\u00e9e dans son jardin tropical de 1000m\u00b2 est situ\u00e9e juste en face du c\u00e9l\u00e8bre rocher du Diamant et \u00e0 seulement 5 minutes \u00e0 pied de la plage. Sa piscine \u00e0 d\u00e9bordement semble se prolonger dans la mer. Sa d\u00e9coration int\u00e9rieure fait la part belle aux mati\u00e8res naturelles et aux touches color\u00e9es et sa vue de r\u00eave impressionnera assur\u00e9ment toute la famille lors de s\u00e9ances de farniente entrecoup\u00e9es de d\u00e9gustations de cocktails rafraichissants. La terrasse ext\u00e9rieure tout comme sa tr\u00e8s atypique cuisine d\u2019\u00e9t\u00e9 \u00e9quip\u00e9e qui bordent la piscine, animeront les journ\u00e9es lors de retrouvailles en famille et les soir\u00e9es \u00e0 admirer le coucher de soleil sur la baie.<\/p>\n\n\n\n<p>3 chambres, jusqu\u2019\u00e0 8 couchages, 3 salles de bain<\/p>\n\n\n\n<hr class=\"wp-block-separator has-alpha-channel-opacity\"\/>\n\n\n\n<p><em>*L\u2019enqu\u00eate a \u00e9t\u00e9 r\u00e9alis\u00e9e pour le compte d\u2019Expedia&nbsp;Brands (Expedia, Hotels.com, Abritel et Wotif) par OnePoll, une entreprise mondiale de recherche strat\u00e9gique. Elle a \u00e9t\u00e9 r\u00e9alis\u00e9e en ligne du 12&nbsp;septembre au 5&nbsp;octobre&nbsp;2023 en Am\u00e9rique du Nord et du Sud, en Europe et dans la r\u00e9gion Asie-Pacifique aupr\u00e8s d\u2019un ensemble de panels de r\u00e9f\u00e9rence. Quelque 20&nbsp;000&nbsp;personnes r\u00e9sidant dans 14&nbsp;pays ont ainsi \u00e9t\u00e9 interrog\u00e9es dont 1000 en France. Il s\u2019agissait d\u2019adultes envisageant un voyage sur le sol national ou \u00e0 l\u2019\u00e9tranger dans les trois prochaines ann\u00e9es. OnePoll est une entreprise partenaire de la MRS (Market Research Society), membre de l\u2019ESOMAR et du British Polling Council.&nbsp;<\/em><\/p>\n\n\n\n<p><em>**Les h\u00f4tes Premium sont des h\u00f4tes Abritel qui r\u00e9pondent \u00e0 des crit\u00e8res stricts et sont reconnus pour la qualit\u00e9 de leurs services et l\u2019exp\u00e9rience exceptionnelle qu\u2019ils procurent aux vacanciers qui s\u00e9journent dans leurs propri\u00e9t\u00e9s.<\/em><\/p>\n","protected":false},"excerpt":{"rendered":"<p>En bord de mer, \u00e0 la montagne ou en pleine campagne, Abritel d\u00e9voile sa s\u00e9lection des Locations de Vacances de l\u2019Ann\u00e9e 2024, six propri\u00e9t\u00e9s qui r\u00e9pondent aux exigences des familles et groupes d\u2019amis, pour vivre des moments uniques ensemble.<\/p>\n","protected":false},"author":5,"featured_media":8353,"comment_status":"open","ping_status":"open","sticky":false,"template":"","format":"standard","meta":{"_acf_changed":false,"footnotes":""},"categories":[137],"tags":[],"companies":[98],"locations":[77],"class_list":["post-8330","post","type-post","status-publish","format-standard","has-post-thumbnail","hentry","category-featured","companies-abritel","locations-paris","entry"],"acf":[],"_links":{"self":[{"href":"https:\/\/www.expedia.fr\/newsroom\/wp-json\/wp\/v2\/posts\/8330","targetHints":{"allow":["GET"]}}],"collection":[{"href":"https:\/\/www.expedia.fr\/newsroom\/wp-json\/wp\/v2\/posts"}],"about":[{"href":"https:\/\/www.expedia.fr\/newsroom\/wp-json\/wp\/v2\/types\/post"}],"author":[{"embeddable":true,"href":"https:\/\/www.expedia.fr\/newsroom\/wp-json\/wp\/v2\/users\/5"}],"replies":[{"embeddable":true,"href":"https:\/\/www.expedia.fr\/newsroom\/wp-json\/wp\/v2\/comments?post=8330"}],"version-history":[{"count":7,"href":"https:\/\/www.expedia.fr\/newsroom\/wp-json\/wp\/v2\/posts\/8330\/revisions"}],"predecessor-version":[{"id":10167,"href":"https:\/\/www.expedia.fr\/newsroom\/wp-json\/wp\/v2\/posts\/8330\/revisions\/10167"}],"wp:featuredmedia":[{"embeddable":true,"href":"https:\/\/www.expedia.fr\/newsroom\/wp-json\/wp\/v2\/media\/8353"}],"wp:attachment":[{"href":"https:\/\/www.expedia.fr\/newsroom\/wp-json\/wp\/v2\/media?parent=8330"}],"wp:term":[{"taxonomy":"category","embeddable":true,"href":"https:\/\/www.expedia.fr\/newsroom\/wp-json\/wp\/v2\/categories?post=8330"},{"taxonomy":"post_tag","embeddable":true,"href":"https:\/\/www.expedia.fr\/newsroom\/wp-json\/wp\/v2\/tags?post=8330"},{"taxonomy":"companies","embeddable":true,"href":"https:\/\/www.expedia.fr\/newsroom\/wp-json\/wp\/v2\/companies?post=8330"},{"taxonomy":"locations","embeddable":true,"href":"https:\/\/www.expedia.fr\/newsroom\/wp-json\/wp\/v2\/locations?post=8330"}],"curies":[{"name":"wp","href":"https:\/\/api.w.org\/{rel}","templated":true}]}}