{"id":11691,"date":"2026-04-21T13:11:33","date_gmt":"2026-04-21T13:11:18","guid":{"rendered":"https:\/\/www.expedia.fr\/newsroom\/?p=11691"},"modified":"2026-04-22T08:00:05","modified_gmt":"2026-04-22T08:00:05","slug":"abritel-locations-vacances-2026-france","status":"publish","type":"post","link":"https:\/\/www.expedia.fr\/newsroom\/abritel-locations-vacances-2026-france\/","title":{"rendered":"Abritel rev\u00e8le ses locations de vacances de l&#8217;ann\u00e9e 2026"},"content":{"rendered":"\n<p>Abritel\u00ae d\u00e9voile les <a href=\"https:\/\/www.abritel.fr\/locations-de-vacances-de-l-annee?brandcid=VRBO-FR.COMMS.PR.VROTY26.VACATIONRENTAL\">Locations de Vacances de l\u2019Ann\u00e9e 2026<\/a>, une s\u00e9lection de 9 propri\u00e9t\u00e9s d\u2019exception en France, reconnues pour leurs excellents avis voyageurs, leurs h\u00f4tes de confiance et leurs \u00e9quipements tr\u00e8s recherch\u00e9s. La liste comprend des maisons familiales, chalets parfaits pour les grands groupes, des villas luxueuses, un g\u00eete \u00e0 l\u2019architecture r\u00e9gionale et des propri\u00e9t\u00e9s avec vue mer ou immerg\u00e9es en pleine nature.<\/p>\n\n\n\n<p><strong>Contexte du programme et faits marquants<\/strong><\/p>\n\n\n\n<p>Pour sa cinqui\u00e8me \u00e9dition, cette liste annuelle met en avant les biens incarnant la&nbsp;qualit\u00e9 exceptionnelle, la&nbsp;fiabilit\u00e9&nbsp;et les&nbsp;normes strictes d\u2019Abritel pour des s\u00e9jours qui inspirent confiance aux voyageurs. La plupart de ces propri\u00e9t\u00e9s&nbsp;affichent des dizaines d\u2019\u00e9valuations parfaites de 10\/10, gage d\u2019exp\u00e9riences&nbsp;positives pour chaque r\u00e9servation sur la plateforme.<\/p>\n\n\n\n<p>les locations de vacances s\u00e9lectionn\u00e9es en France se situent dans les destinations de vacances parmi les plus pris\u00e9es\u202f: le Var, la Corse-du-Sud, le Vaucluse, la Savoie, la Haute-Savoie, le Morbihan, les Landes, l\u2019Yonne et la Martinique.<\/p>\n\n\n\n<p>Les voyageurs peuvent consulter les propri\u00e9t\u00e9s d\u2019exception des ann\u00e9es pr\u00e9c\u00e9dentes et rester inform\u00e9s des futures s\u00e9lections en se rendant dans la section<strong> \u00ab Locations de Vacances de l\u2019Ann\u00e9e \u00bb d\u2019Abritel<\/strong>.<\/p>\n\n\n\n<p><strong>Les Locations de Vacances de l\u2019Ann\u00e9e 2026 en France<\/strong><\/p>\n\n\n\n<ul class=\"wp-block-list\">\n<li><strong>Saint-Tropez, Var <\/strong><strong>\u2014<\/strong><a href=\"https:\/\/www.abritel.fr\/location-vacances\/p3576387a?dateless=true\">Villa de prestige<\/a> tr\u00e8s lumineuse avec piscine miroir, poolhouse et terrasse, finitions haut de gamme et cuisine professionnelle. G\u00e9r\u00e9e par un h\u00f4te Premium, la villa b\u00e9n\u00e9ficie de plus de 50 avis parfaits (10\/10).<\/li>\n\n\n\n<li><strong>Le Grand Bornand, Haute-Savoie <\/strong><strong>\u2014<\/strong><strong> Le \u00ab\u00a0<\/strong><a href=\"https:\/\/www.abritel.fr\/location-vacances\/p2062139?dateless=true\">Chalet Happyview<\/a>\u00a0\u00bb incarne l\u2019\u00e9l\u00e9gance alpine\u202favec ses prestations de grande qualit\u00e9, ses vastes espaces avec vue sur les Aravis, sauna, piscine en terrasse, salle de fitness, chemin\u00e9e et home\u2011cin\u00e9ma. Il est not\u00e9 10\/10 par plus de 30 voyageurs.<\/li>\n\n\n\n<li><strong>Goult, Vaucluse \u2014 Vaste <\/strong><a href=\"https:\/\/www.abritel.fr\/location-vacances\/p2241082?dateless=true\">mas proven\u00e7al<\/a> de 260\u202fm\u00b2 situ\u00e9 dans le Triangle d\u2019Or pr\u00e8s de Gordes offrant 6\u202fchambres climatis\u00e9es pour 14\u202fpersonnes, un grand s\u00e9jour avec chemin\u00e9e et cuisine ouverte, piscine \u00e0 d\u00e9bordement chauff\u00e9e, bain \u00e0 remous, 5\u202fterrasses et un terrain de p\u00e9tanque, le tout sur plus d\u2019un hectare de jardins surplombant la lavande et le Luberon.<\/li>\n\n\n\n<li><strong>Rogny-les-Sept-Ecluses, Yonne \u2014 <\/strong><a href=\"https:\/\/www.abritel.fr\/location-vacances\/p2464218?dateless=true\">G\u00eete familial<\/a> sur 20\u202fhectares de campagne pouvant accueillir jusqu\u2019\u00e0 15\u202fpersonnes, g\u00e9r\u00e9 par une h\u00f4te Premium, alliant charme traditionnel et confort moderne ; domaine avec \u00e9tang, sous\u2011bois, terrasses, barbecue, bras\u00e9ro et bain \u00e0 remous, parfait pour un s\u00e9jour multig\u00e9n\u00e9rationnel.<\/li>\n\n\n\n<li><strong>Golfe d&#8217;Ajaccio, Corse-du-Sud <\/strong><strong>\u2014<\/strong><strong> La \u00ab\u00a0<\/strong><a href=\"https:\/\/www.abritel.fr\/location-vacances\/p1728930?dateless=true\">Villa Sole Rossu\u00a0<\/a>\u00bb avec sa vue panoramique \u00e0 180\u00b0 sur la mer et les \u00celes Sanguinaires, a une capacit\u00e9 de 10 personnes, un int\u00e9rieur climatis\u00e9 et un d\u00e9cor soign\u00e9, une piscine \u00e0 d\u00e9bordement, jardin priv\u00e9, terrains de p\u00e9tanque et baby\u2011foot. Certifi\u00e9e Ecolabel europ\u00e9en, g\u00e9r\u00e9e par un h\u00f4te Premium\u202fet forte de 40 avis 10\/10, elle incarne l\u2019exp\u00e9rience corse par excellence.<\/li>\n\n\n\n<li><strong>Hauteluce, Savoie <\/strong><strong>\u2014<\/strong><strong> Le c<\/strong>halet \u00ab\u00a0<a href=\"https:\/\/www.abritel.fr\/location-vacances\/p2149875?dateless=true\">Les\u202fGaletas du Mont-Blanc\u00a0<\/a>\u00bb offre une vue imprenable sur les sommets, une capacit\u00e9 de 20\u202fconvives et un espace de vie de 80\u202fm\u00b2 avec cuisine, bar et balcons. Son espace bien\u2011\u00eatre (sauna, bain \u00e0 remous, fitness), sa salle de cin\u00e9ma, l\u2019espace enfants et le garage EV, permettent un s\u00e9jour en toutes saisons en famille ou entre amis. <\/li>\n\n\n\n<li><strong>Biscarosse, Landes \u2014 <\/strong><a href=\"https:\/\/www.abritel.fr\/location-vacances\/p6649273a?dateless=true\">Villa contemporaine en bois<\/a> avec jardin clos et piscine chauff\u00e9e, trampoline, ping\u2011pong, p\u00e9tanque, balan\u00e7oire et bac \u00e0 sable, multiples terrasses et cuisine ext\u00e9rieure. Moderne et chaleureuse, elle est id\u00e9ale pour s\u00e9journer en famille et d\u00e9couvrir les lacs, les for\u00eats et les immenses plages landaises.<\/li>\n\n\n\n<li><strong>Sainte-Luce, Martinique <\/strong><strong>\u2014<\/strong><strong> <\/strong><a href=\"https:\/\/www.abritel.fr\/location-vacances\/p1500198?dateless=true\">Villa cr\u00e9ole<\/a> color\u00e9e \u00e0 200\u202fm de la plage et du sentier littoral, avec un deck en bois et une piscine \u00e0 eau sal\u00e9e, des zones ombrag\u00e9es et ensoleill\u00e9es, transats, douche ext\u00e9rieure et barbecue. Plus de\u202f60\u202favis 10\/10 garantissent une immersion authentique et inoubliable en Martinique.<\/li>\n\n\n\n<li><strong>Ile-aux-Moines, Morbihan <\/strong><strong>\u2014<\/strong><strong> La <\/strong>\u00ab\u00a0<a href=\"https:\/\/www.abritel.fr\/location-vacances\/p2193881?dateless=true\">Villa Dremmwel\u00a0<\/a>\u00bb en front de mer offre de vastes espaces pour 10\u202fpersonnes, un s\u00e9jour \u00e9l\u00e9gant autour d\u2019une chemin\u00e9e avec vues spectaculaires, un jardin de 700\u202fm\u00b2 et une terrasse abrit\u00e9e avec barbecue\/plancha. L\u2019acc\u00e8s direct \u00e0 la plage et kayaks pour explorer le golfe du Morbihan garantit un s\u00e9jour insulaire paisible et m\u00e9morable en famille ou entre amis.<\/li>\n<\/ul>\n\n\n\n<p><strong>Les Locations de Vacances de l\u2019Ann\u00e9e \u00e0 l\u2019\u00e9tranger<\/strong><\/p>\n\n\n\n<p>Les propri\u00e9t\u00e9s s\u00e9lectionn\u00e9es \u00e0 l\u2019\u00e9tranger cette ann\u00e9e comprennent \u00e9galement des lieux d&#8217;exception au <a href=\"https:\/\/www.vrbo.com\/fr-ca\/proprietes-de-vacances-de-l-annee?brandcid=VRBO-CA.COMMS.PR.VROTY26.VACATIONRENTAL\">Canada<\/a>, aux <a href=\"https:\/\/www.vrbo.com\/vacation-rentals-of-the-year?brandcid=VRBO-US.COMMS.PR.VROTY26.VACATIONRENTAL\">\u00c9tats\u2011Unis<\/a>, au <a href=\"https:\/\/www.vrbo.com\/en-gb\/holiday-homes-of-the-year?brandcid=VRBO-UK.COMMS.PR.VROTY26.VACATIONRENTAL\">Royaume-Uni<\/a>, en <a href=\"https:\/\/www.fewo-direkt.de\/ferienhaeuser-des-jahres?brandcid=VRBO-DE.COMMS.PR.VROTY26.VACATIONRENTAL\">Allemagne<\/a>, en <a href=\"https:\/\/www.stayz.com.au\/holiday-homes-of-the-year?brandcid=VRBO-AU.COMMS.PR.VROTY26.VACATIONRENTAL\">Australie<\/a>, en <a href=\"https:\/\/www.bookabach.co.nz\/baches-of-the-year?brandcid=VRBO-NZ.COMMS.PR.VROTY26.VACATIONRENTAL\">Nouvelle\u2011Z\u00e9lande<\/a> et ailleurs encore, allant des villas en bord de mer et des refuges au bord d\u2019un lac aux maisons \u00e0 la campagne, en passant par des logements au style architectural remarquable pour des s\u00e9jours dans la nature pr\u00e8s des littoraux, des for\u00eats et des sites embl\u00e9matiques. Consultez la liste compl\u00e8te des propri\u00e9t\u00e9s internationales ici.<\/p>\n\n\n\n<p><strong>Ce qu\u2019Abritel dit de la s\u00e9lection de cette ann\u00e9e<\/strong><\/p>\n\n\n\n<p>\u00ab\u202fLes <em>Locations de Vacances de l\u2019Ann\u00e9e<\/em> mettent en avant les meilleures locations de vacances sur Abritel. Nouveaut\u00e9 de cette ann\u00e9e, chaque propri\u00e9t\u00e9 s\u00e9lectionn\u00e9e a obtenu le badge \u00ab Coup de coeur \u00bb, une distinction r\u00e9serv\u00e9e uniquement aux 10\u202f% sup\u00e9rieurs des h\u00e9bergements d\u2019une destination, sur la base des avis r\u00e9els des voyageurs\u202f\u00bb, explique Larry\u202fPlawsky, vice\u2011pr\u00e9sident senior et directeur g\u00e9n\u00e9ral de Vrbo\/Abritel. \u00ab\u202fCette liste \u00e0 pour vocation d\u2019inspirer les voyageurs dans l\u2019organisation de leur prochaine escapade en groupe et montre \u00e0 quel point il est facile de d\u00e9nicher une location de vacances fiable et de haute qualit\u00e9 chaque fois qu\u2019on planifie un voyage.\u202f\u00bb<\/p>\n\n\n\n<p>\u00ab\u202fLa liste de cette ann\u00e9e montre \u00e0 quel point les attentes des voyageurs ont \u00e9volu\u00e9 et comment nos partenaires h\u00e9bergeurs continuent de se surpasser\u202f\u00bb, d\u00e9clare Tim\u202fRosolio, vice\u2011pr\u00e9sident des partenariats de locations de vacances chez Vrbo\/Abritel. \u00ab\u202fQu\u2019il s\u2019agisse d\u2019un design unique, d\u2019\u00e9quipements remarquables ou de petites attentions bien pens\u00e9es qui renforcent la confiance, ces maisons offrent les exp\u00e9riences exceptionnelles que les voyageurs d\u2019aujourd\u2019hui non seulement appr\u00e9cient, mais auxquelles ils s\u2019attendent d\u00e9sormais. Nous sommes fiers de c\u00e9l\u00e9brer les h\u00f4tes qui \u00e9tablissent un nouveau standard de qualit\u00e9 et contribuent \u00e0 fa\u00e7onner l\u2019avenir des locations de vacances.\u202f\u00bb<\/p>\n\n\n\n<p><strong>Parmi les crit\u00e8res de s\u00e9lection des \u00ab\u202fLocations de Vacances de l\u2019Ann\u00e9e \u00bb d\u2019Abritel<\/strong><\/p>\n\n\n\n<ul class=\"wp-block-list\">\n<li><strong>Coup de c\u0153ur :<\/strong> H\u00e9bergements class\u00e9s parmi les 10\u202f% meilleurs d\u2019une destination, sur la base d\u2019avis v\u00e9rifi\u00e9s de voyageurs. \u00a0<\/li>\n\n\n\n<li><strong>Qualit\u00e9 H\u00f4te Premium :<\/strong> Propri\u00e9t\u00e9s g\u00e9r\u00e9es par des h\u00f4tes fiables, avec un historique de service irr\u00e9prochable, incluant un taux d\u2019acceptation des r\u00e9servations de 99\u202f% et aucune annulation de la part de l\u2019h\u00f4te.<\/li>\n\n\n\n<li><strong>Notes et avis exceptionnels\u202f:<\/strong> Un minimum de 15 appr\u00e9ciations excellentes de la part des clients et des commentaires positifs v\u00e9rifi\u00e9s.<\/li>\n\n\n\n<li><strong>Emplacements recherch\u00e9s :<\/strong> Propri\u00e9t\u00e9s situ\u00e9es dans des zones touristiques tr\u00e8s pris\u00e9es, souvent \u00e0 quelques pas de la mer, d\u2019un lac ou de la montagne.<\/li>\n\n\n\n<li><strong>Parfait pour les groupes <\/strong>: Logements spacieux avec piscines priv\u00e9es, bains \u00e0 remous, grandes cuisines, salles de jeux ou plusieurs espaces communs, id\u00e9aux pour les familles et les groupes multig\u00e9n\u00e9rationnels.<\/li>\n\n\n\n<li><strong>Effet \u00ab\u202fWow\u202f\u00bb :<\/strong> Propri\u00e9t\u00e9s offrant des caract\u00e9ristiques m\u00e9morables, une vue exceptionnelle ou un design qui se d\u00e9marque.<\/li>\n<\/ul>\n\n\n\n<p><\/p>\n\n\n\n<hr class=\"wp-block-separator has-alpha-channel-opacity\"\/>\n\n\n\n<p><\/p>\n\n\n\n<p><strong>Questions fr\u00e9quentes<\/strong><\/p>\n\n\n\n<ul class=\"wp-block-list\">\n<li><strong>Qu\u2019est\u2011ce que les Locations de Vacances de l\u2019Ann\u00e9e d\u2019Abritel ?<\/strong><\/li>\n<\/ul>\n\n\n\n<p>Les <em>Locations de Vacances de l\u2019Ann\u00e9e<\/em> sont la s\u00e9lection annuelle d\u2019Abritel qui met en avant les locations de vacances les mieux not\u00e9es, reconnues pour leurs avis exceptionnels, leurs h\u00f4tes fiables et leurs \u00e9quipements id\u00e9aux pour les familles, les groupes et les s\u00e9jours m\u00e9morables.<\/p>\n\n\n\n<ul class=\"wp-block-list\">\n<li><strong>Quelle est la diff\u00e9rence entre \u00ab\u202fH\u00f4te Premum\u202f\u00bb et \u00ab Coup de c\u0153ur \u00bb\u202f?<\/strong><\/li>\n<\/ul>\n\n\n\n<p><strong>H\u00f4te Premium<\/strong><\/p>\n\n\n\n<p>Met en avant les h\u00f4tes qui ont fait leurs preuves en mati\u00e8re de fiabilit\u00e9, notamment\u202f:<\/p>\n\n\n\n<ul class=\"wp-block-list\">\n<li>Un taux d\u2019acceptation des r\u00e9servations constamment \u00e9lev\u00e9<\/li>\n\n\n\n<li>Aucune annulation initi\u00e9e par l\u2019h\u00f4te<\/li>\n\n\n\n<li>Une note globale des voyageurs de 9,2 ou oplus<\/li>\n<\/ul>\n\n\n\n<p><strong>Coup de c\u0153ur<\/strong><\/p>\n\n\n\n<p>Reconna\u00eet les h\u00e9bergements qui offrent des exp\u00e9riences client exceptionnelles, sur la base de\u202f:<\/p>\n\n\n\n<ul class=\"wp-block-list\">\n<li>Un classement parmi les 10\u202f% meilleurs biens de leur destination<\/li>\n\n\n\n<li>Une note globale des voyageurs de 9,4 ou plus<\/li>\n<\/ul>\n\n\n\n<ul class=\"wp-block-list\">\n<li><strong>C<\/strong><strong>o<\/strong><strong>mment les propri\u00e9t\u00e9s sont\u2011elles s\u00e9lectionn\u00e9es\u202f?<\/strong><\/li>\n<\/ul>\n\n\n\n<p>Les propri\u00e9t\u00e9s sont choisies selon\u202f: des \u00e9valuations v\u00e9rifi\u00e9es des voyageurs, la fiabilit\u00e9 de l\u2019h\u00f4te, des \u00e9quipements distinctifs, leur ad\u00e9quation aux familles et aux groupes, ainsi que leur localisation dans des destinations de loisir tr\u00e8s pris\u00e9es.<\/p>\n\n\n\n<ul class=\"wp-block-list\">\n<li><strong>Quel type d\u2019\u00e9quipements ces maisons proposent\u2011elles\u202f?<\/strong><\/li>\n<\/ul>\n\n\n\n<p>Parmi les prestations les plus recherch\u00e9es\u202f: piscines priv\u00e9es, bains \u00e0 remous, salles de jeux, cuisines spacieuses, espaces de vie ext\u00e9rieurs, acc\u00e8s direct \u00e0 la plage ou au lac, proximit\u00e9 des montagnes ou des stations de ski, et \u00e9l\u00e9ments architecturaux uniques.<\/p>\n\n\n\n<ul class=\"wp-block-list\">\n<li><strong>O\u00f9 se trouvent les Locations de Vacances de l\u2019Ann\u00e9e 2026 ?<\/strong><\/li>\n<\/ul>\n\n\n\n<p>La liste 2026 r\u00e9unit des h\u00e9bergements remarquables en France et \u00e0 l\u2019international.<\/p>\n\n\n\n<p><strong>En France :<\/strong><\/p>\n\n\n\n<ul class=\"wp-block-list\">\n<li>Provence-Alpes-C\u00f4te d\u2019Azur<\/li>\n\n\n\n<li>Auvergne-Rh\u00f4ne-Alpes<\/li>\n\n\n\n<li>Nouvelle Aquitaine<\/li>\n\n\n\n<li>Bourgogne-Franche Comt\u00e9<\/li>\n\n\n\n<li>Bretagne<\/li>\n\n\n\n<li>Martinique<\/li>\n<\/ul>\n\n\n\n<p><strong>A l\u2019\u00e9tranger :<\/strong><\/p>\n\n\n\n<ul class=\"wp-block-list\">\n<li>Mexique<\/li>\n\n\n\n<li>Etats-Unis<\/li>\n\n\n\n<li>Grande-Bretagne<\/li>\n\n\n\n<li>Allemagne<\/li>\n\n\n\n<li>Canada<\/li>\n\n\n\n<li>Australie<\/li>\n\n\n\n<li>Nouvelle-Z\u00e9lande<\/li>\n<\/ul>\n\n\n\n<ul class=\"wp-block-list\">\n<li><strong>Ces maisons conviennent\u2011elles aux voyages en famille ou en groupe\u202f?<\/strong><\/li>\n<\/ul>\n\n\n\n<p>Oui. La plupart offrent une organisation avec plusieurs chambres, plusieurs espaces de vie en commun et des \u00e9quipements sp\u00e9cialement con\u00e7us pour les familles, les s\u00e9jours multig\u00e9n\u00e9rationnels et les escapades entre amis.<\/p>\n\n\n\n<ul class=\"wp-block-list\">\n<li><strong>Comment les voyageurs peuvent\u2011ils r\u00e9server ces maisons\u202f?<\/strong><\/li>\n<\/ul>\n\n\n\n<p>Toutes les <em>Locations de Vacances de l\u2019Ann\u00e9e<\/em> sont visibles et r\u00e9servables directement sur Abritel. Consultez la liste compl\u00e8te <a href=\"https:\/\/www.abritel.fr\/locations-de-vacances-de-l-annee?brandcid=VRBO-FR.COMMS.PR.VROTY26.VACATIONRENTAL\">ici<\/a>.<\/p>\n","protected":false},"excerpt":{"rendered":"<p>Abritel\u00ae d\u00e9voile les Locations de Vacances de l\u2019Ann\u00e9e 2026, une s\u00e9lection de 9 propri\u00e9t\u00e9s d\u2019exception en France, reconnues pour leurs&#8230;<\/p>\n","protected":false},"author":5,"featured_media":11690,"comment_status":"open","ping_status":"open","sticky":false,"template":"","format":"standard","meta":{"_acf_changed":false,"footnotes":""},"categories":[137],"tags":[],"companies":[98],"locations":[77],"class_list":["post-11691","post","type-post","status-publish","format-standard","has-post-thumbnail","hentry","category-featured","companies-abritel","locations-paris","entry"],"acf":[],"_links":{"self":[{"href":"https:\/\/www.expedia.fr\/newsroom\/wp-json\/wp\/v2\/posts\/11691","targetHints":{"allow":["GET"]}}],"collection":[{"href":"https:\/\/www.expedia.fr\/newsroom\/wp-json\/wp\/v2\/posts"}],"about":[{"href":"https:\/\/www.expedia.fr\/newsroom\/wp-json\/wp\/v2\/types\/post"}],"author":[{"embeddable":true,"href":"https:\/\/www.expedia.fr\/newsroom\/wp-json\/wp\/v2\/users\/5"}],"replies":[{"embeddable":true,"href":"https:\/\/www.expedia.fr\/newsroom\/wp-json\/wp\/v2\/comments?post=11691"}],"version-history":[{"count":2,"href":"https:\/\/www.expedia.fr\/newsroom\/wp-json\/wp\/v2\/posts\/11691\/revisions"}],"predecessor-version":[{"id":11693,"href":"https:\/\/www.expedia.fr\/newsroom\/wp-json\/wp\/v2\/posts\/11691\/revisions\/11693"}],"wp:featuredmedia":[{"embeddable":true,"href":"https:\/\/www.expedia.fr\/newsroom\/wp-json\/wp\/v2\/media\/11690"}],"wp:attachment":[{"href":"https:\/\/www.expedia.fr\/newsroom\/wp-json\/wp\/v2\/media?parent=11691"}],"wp:term":[{"taxonomy":"category","embeddable":true,"href":"https:\/\/www.expedia.fr\/newsroom\/wp-json\/wp\/v2\/categories?post=11691"},{"taxonomy":"post_tag","embeddable":true,"href":"https:\/\/www.expedia.fr\/newsroom\/wp-json\/wp\/v2\/tags?post=11691"},{"taxonomy":"companies","embeddable":true,"href":"https:\/\/www.expedia.fr\/newsroom\/wp-json\/wp\/v2\/companies?post=11691"},{"taxonomy":"locations","embeddable":true,"href":"https:\/\/www.expedia.fr\/newsroom\/wp-json\/wp\/v2\/locations?post=11691"}],"curies":[{"name":"wp","href":"https:\/\/api.w.org\/{rel}","templated":true}]}}